{"id":1081,"date":"2021-10-19T08:00:40","date_gmt":"2021-10-19T08:00:40","guid":{"rendered":"https:\/\/institutofreedom.com.br\/blog\/?p=1081"},"modified":"2023-04-13T14:29:05","modified_gmt":"2023-04-13T14:29:05","slug":"a-importancia-da-colagem-na-arteterapia","status":"publish","type":"post","link":"https:\/\/institutofreedom.com.br\/blog\/a-importancia-da-colagem-na-arteterapia\/","title":{"rendered":"A IMPORT\u00c2NCIA DA COLAGEM NA ARTETERAPIA"},"content":{"rendered":"<p><span style=\"font-weight: 400;\">A colagem \u00e9 um dos recursos expressivos mais utilizados em arteterapia por sua facilidade e simplicidade. Simples, n\u00e3o simpl\u00f3rio. A colagem promove bem-estar ao paciente\/cliente e permite ao arteterapeuta coleta de dados importantes para o processo arteterap\u00eautico. <\/span><\/p>\n<p style=\"text-align: right;\"><em><span style=\"font-weight: 400;\">Todavia, em algumas situa\u00e7\u00f5es, recorro \u00e0 colagem por perceber que \u00e9 um recurso mais adequado naquela ocasi\u00e3o, principalmente quando a pessoa n\u00e3o gosta ou diz que n\u00e3o sabe desenhar, tem dificuldade em tocar na argila ou tinta ou ainda n\u00e3o experimentou outros recursos pl\u00e1sticos. Nesta situa\u00e7\u00e3o, a colagem ajuda a relaxar e a se entregar sem se sentir invadido ou inibido. (BRASIL, 2013, p.88).<\/span><\/em><\/p>\n<p><span style=\"font-weight: 400;\">Notamos ent\u00e3o o uso da colagem como estrat\u00e9gia. Segundo Philippini (2009), a colagem permite ao paciente um campo simb\u00f3lico de in\u00fameras possibilidades de estrutura\u00e7\u00e3o, integra\u00e7\u00e3o, organiza\u00e7\u00e3o espacial e descoberta de novas configura\u00e7\u00f5es.\u00a0<\/span><\/p>\n<p><span style=\"font-weight: 400;\">O paciente\/cliente tem condi\u00e7\u00f5es de lidar com algo organizado (imagens e material utilizado no processo) e que est\u00e1 no externo num movimento de modificar e at\u00e9 mesmo destruir e reorganizar de acordo com seus conte\u00fados internos. <\/span><\/p>\n<p><span style=\"font-weight: 400;\">A colagem, \u00e0 medida que proporciona sensa\u00e7\u00f5es e percep\u00e7\u00f5es diferentes, traz \u00e0 tona novas reflex\u00f5es da realidade e colabora na interpreta\u00e7\u00e3o dos fatos da vida.\u00a0 Circunst\u00e2ncias vivenciadas em outros momentos s\u00e3o resgatadas com a cria\u00e7\u00e3o e com o contato com a produ\u00e7\u00e3o. Surgem nesta a\u00e7\u00e3o os primeiros ind\u00edcios de compreens\u00e3o das suas viv\u00eancias, transformados em s\u00edmbolos. Seus significados, explicados pelo paciente\/cliente, far\u00e3o parte da instrumentaliza\u00e7\u00e3o do arteterapeuta para condu\u00e7\u00e3o do processo.<\/span><\/p>\n<p><span style=\"font-weight: 400;\">Cabe-nos lembrar que o banco de imagens, normalmente oriundo de revistas e providenciado para setting terap\u00eautico no atendimento presencial, pode e deve render-se a outras formas de apresenta\u00e7\u00e3o e de uso. O arteterapeuta deve promover a utiliza\u00e7\u00e3o de materiais diversos assim como usar de programas e ferramentas que facilitem a colagem digital permitindo assim a continuidade deste recurso t\u00e3o importante.<\/span><\/p>\n<p>&nbsp;<\/p>\n<p style=\"text-align: right;\"><b>Silvia Quaresma\u00a0<\/b><\/p>\n<p style=\"text-align: right;\">Registro na AATESP: 665\/072<\/p>\n<p>&nbsp;<\/p>\n<p><b>Bibliografia<\/b><\/p>\n<p><span style=\"font-weight: 400;\">PHILIPPINI, Angela. <\/span><b>Linguagens e Materiais Expressivos em Arteterapia: <\/b><span style=\"font-weight: 400;\">uso, indica\u00e7\u00f5es e propriedades, Rio de Janeiro, WAK Editora, 2018.<\/span><\/p>\n<p><span style=\"font-weight: 400;\">BRASIL, Cl\u00e1udia . <\/span><b>Cores, Formas e Express\u00e3o, <\/b><span style=\"font-weight: 400;\">\u00a0Rio de Janeiro, WAK Editora, 2013.<\/span><\/p>\n","protected":false},"excerpt":{"rendered":"<p>A colagem \u00e9 um dos recursos expressivos mais utilizados em arteterapia por sua facilidade e simplicidade. Simples, n\u00e3o simpl\u00f3rio. A colagem promove bem-estar ao paciente\/cliente e permite ao arteterapeuta coleta&hellip;<\/p>\n","protected":false},"author":1,"featured_media":1082,"comment_status":"open","ping_status":"open","sticky":false,"template":"","format":"standard","meta":{"footnotes":""},"categories":[195],"tags":[267,196],"class_list":["post-1081","post","type-post","status-publish","format-standard","has-post-thumbnail","hentry","category-arteterapia","tag-arte","tag-arteterapia"],"_links":{"self":[{"href":"https:\/\/institutofreedom.com.br\/blog\/wp-json\/wp\/v2\/posts\/1081","targetHints":{"allow":["GET"]}}],"collection":[{"href":"https:\/\/institutofreedom.com.br\/blog\/wp-json\/wp\/v2\/posts"}],"about":[{"href":"https:\/\/institutofreedom.com.br\/blog\/wp-json\/wp\/v2\/types\/post"}],"author":[{"embeddable":true,"href":"https:\/\/institutofreedom.com.br\/blog\/wp-json\/wp\/v2\/users\/1"}],"replies":[{"embeddable":true,"href":"https:\/\/institutofreedom.com.br\/blog\/wp-json\/wp\/v2\/comments?post=1081"}],"version-history":[{"count":1,"href":"https:\/\/institutofreedom.com.br\/blog\/wp-json\/wp\/v2\/posts\/1081\/revisions"}],"predecessor-version":[{"id":1083,"href":"https:\/\/institutofreedom.com.br\/blog\/wp-json\/wp\/v2\/posts\/1081\/revisions\/1083"}],"wp:featuredmedia":[{"embeddable":true,"href":"https:\/\/institutofreedom.com.br\/blog\/wp-json\/wp\/v2\/media\/1082"}],"wp:attachment":[{"href":"https:\/\/institutofreedom.com.br\/blog\/wp-json\/wp\/v2\/media?parent=1081"}],"wp:term":[{"taxonomy":"category","embeddable":true,"href":"https:\/\/institutofreedom.com.br\/blog\/wp-json\/wp\/v2\/categories?post=1081"},{"taxonomy":"post_tag","embeddable":true,"href":"https:\/\/institutofreedom.com.br\/blog\/wp-json\/wp\/v2\/tags?post=1081"}],"curies":[{"name":"wp","href":"https:\/\/api.w.org\/{rel}","templated":true}]}}