{"id":1191,"date":"2022-02-17T12:17:54","date_gmt":"2022-02-17T12:17:54","guid":{"rendered":"https:\/\/institutofreedom.com.br\/blog\/?p=1191"},"modified":"2023-04-13T14:35:24","modified_gmt":"2023-04-13T14:35:24","slug":"arteterapia-e-os-simbolos","status":"publish","type":"post","link":"https:\/\/institutofreedom.com.br\/blog\/arteterapia-e-os-simbolos\/","title":{"rendered":"Arteterapia e os s\u00edmbolos"},"content":{"rendered":"<p>Nem tudo est\u00e1 ao alcance da compreens\u00e3o humana e \u00e9 por isso que, com<br \/>\nfrequ\u00eancia, utilizamos termos simb\u00f3licos como representa\u00e7\u00e3o de conceitos que n\u00e3o<br \/>\npodem ser definidos ou compreendidos de forma integral (JUNG, 2008). O s\u00edmbolo<br \/>\nmedia a rela\u00e7\u00e3o entre consci\u00eancia e inconsciente. Segundo Jung (2008, p.18):<\/p>\n<blockquote><p>O que chamamos s\u00edmbolo \u00e9 um termo, um nome ou mesmo uma<br \/>\nimagem que nos pode ser familiar na vida cotidiana, embora possua<br \/>\nconota\u00e7\u00f5es especiais al\u00e9m do seu significado evidente e<br \/>\nconvencional. Implica alguma coisa vaga, desconhecida ou oculta<br \/>\npara n\u00f3s.<\/p><\/blockquote>\n<p>Jung percebeu que as t\u00e9cnicas expressivas eram um meio de acesso ao<br \/>\ninconsciente e foi integrando a express\u00e3o art\u00edstica \u00e0 linguagem verbal. Uma palavra<br \/>\nou uma imagem \u00e9 simb\u00f3lica quando implica alguma coisa al\u00e9m do seu significado<br \/>\nmanifesto e imediato (JUNG, 2008). De acordo com Diniz (2018, p.36):<\/p>\n<blockquote><p>arte:o homemhomem<\/p><\/blockquote>\n<p>A Arteterapia, por meio de express\u00f5es art\u00edsticas, facilita a express\u00e3o das<br \/>\nemo\u00e7\u00f5es, a visualiza\u00e7\u00e3o dos s\u00edmbolos. Cada indiv\u00edduo, ao entrar em contato com<br \/>\nsuas cria\u00e7\u00f5es (produ\u00e7\u00f5es simb\u00f3licas), vai fazendo associa\u00e7\u00f5es, trazendo para o<br \/>\nconsciente conte\u00fados do inconsciente.<br \/>\nCada vez que um s\u00edmbolo \u00e9 produzido no processo arteterap\u00eautico, seus<\/p>\n<p>significados inconscientes demandam propostas de atividades criativas para desvel\u00e1-<br \/>\nlos (PHILIPPINI, 2018). Portanto, para que o processo de amplifica\u00e7\u00e3o simb\u00f3lica seja<\/p>\n<p>bem desenvolvido, deve integrar linguagens pl\u00e1sticas e materiais expressivos<br \/>\ndiversos: desenhos, pinturas, colagens de pap\u00e9is ou outros materiais, modelagem,<br \/>\nesculturas, express\u00f5es corporais, canto, psicodrama, mitos, contos de fada, lendas,<br \/>\nf\u00e1bulas, manifesta\u00e7\u00f5es folcl\u00f3ricas, tradi\u00e7\u00f5es religiosas etc. Dessa forma, cada<br \/>\nmodalidade expressiva, com sua caracter\u00edstica pr\u00f3pria, vai contribuir para que<br \/>\nconte\u00fados do inconsciente venham \u00e0 tona, pois o s\u00edmbolo nasce de cada pessoa e<br \/>\nsurge do conflito ps\u00edquico. \u00c9 o caminho do autoconhecimento, da individua\u00e7\u00e3o.<\/p>\n<p>Refer\u00eancias Bibliogr\u00e1ficas<\/p>\n<p>DINIZ, L\u00edgia. Arte: linguagem da alma. Rio de Janeiro: Wak Editora, 2018.<br \/>\nJUNG, Carl Gustav. Chegando ao inconsciente. In: __ (org.). O homem e seus<br \/>\ns\u00edmbolos. Rio de Janeiro: Nova Fronteira, 2008.<br \/>\nPHILIPPINI, Angela. Linguagens e materiais expressivos em arteterapia: uso,<br \/>\nindica\u00e7\u00f5es e propriedades. 2. ed. Rio de Janeiro: Wak, 2018.<\/p>\n","protected":false},"excerpt":{"rendered":"<p>Nem tudo est\u00e1 ao alcance da compreens\u00e3o humana e \u00e9 por isso que, com frequ\u00eancia, utilizamos termos simb\u00f3licos como representa\u00e7\u00e3o de conceitos que n\u00e3o podem ser definidos ou compreendidos de&hellip;<\/p>\n","protected":false},"author":1,"featured_media":1192,"comment_status":"open","ping_status":"open","sticky":false,"template":"","format":"standard","meta":{"footnotes":""},"categories":[195],"tags":[196,191,248],"class_list":["post-1191","post","type-post","status-publish","format-standard","has-post-thumbnail","hentry","category-arteterapia","tag-arteterapia","tag-o-homem-e-seus-simbolos","tag-simbolo"],"_links":{"self":[{"href":"https:\/\/institutofreedom.com.br\/blog\/wp-json\/wp\/v2\/posts\/1191","targetHints":{"allow":["GET"]}}],"collection":[{"href":"https:\/\/institutofreedom.com.br\/blog\/wp-json\/wp\/v2\/posts"}],"about":[{"href":"https:\/\/institutofreedom.com.br\/blog\/wp-json\/wp\/v2\/types\/post"}],"author":[{"embeddable":true,"href":"https:\/\/institutofreedom.com.br\/blog\/wp-json\/wp\/v2\/users\/1"}],"replies":[{"embeddable":true,"href":"https:\/\/institutofreedom.com.br\/blog\/wp-json\/wp\/v2\/comments?post=1191"}],"version-history":[{"count":1,"href":"https:\/\/institutofreedom.com.br\/blog\/wp-json\/wp\/v2\/posts\/1191\/revisions"}],"predecessor-version":[{"id":1193,"href":"https:\/\/institutofreedom.com.br\/blog\/wp-json\/wp\/v2\/posts\/1191\/revisions\/1193"}],"wp:featuredmedia":[{"embeddable":true,"href":"https:\/\/institutofreedom.com.br\/blog\/wp-json\/wp\/v2\/media\/1192"}],"wp:attachment":[{"href":"https:\/\/institutofreedom.com.br\/blog\/wp-json\/wp\/v2\/media?parent=1191"}],"wp:term":[{"taxonomy":"category","embeddable":true,"href":"https:\/\/institutofreedom.com.br\/blog\/wp-json\/wp\/v2\/categories?post=1191"},{"taxonomy":"post_tag","embeddable":true,"href":"https:\/\/institutofreedom.com.br\/blog\/wp-json\/wp\/v2\/tags?post=1191"}],"curies":[{"name":"wp","href":"https:\/\/api.w.org\/{rel}","templated":true}]}}