{"id":1210,"date":"2022-03-02T08:00:43","date_gmt":"2022-03-02T08:00:43","guid":{"rendered":"https:\/\/institutofreedom.com.br\/blog\/?p=1210"},"modified":"2024-06-20T17:13:48","modified_gmt":"2024-06-20T17:13:48","slug":"o-que-e-logoterapia","status":"publish","type":"post","link":"https:\/\/institutofreedom.com.br\/blog\/o-que-e-logoterapia\/","title":{"rendered":"O que \u00e9 Logoterapia?"},"content":{"rendered":"<h2>Conhe\u00e7a mais sobre a logoterapia!<\/h2>\n<p>Neste texto, a coordenadora da nossa p\u00f3s &#8211; gradua\u00e7\u00e3o em logoterapia e an\u00e1lise existencial, Maria Helena Budal, vai te contar\u00a0 o que \u00e9<a href=\"https:\/\/www.freedomcursos.com.br\/introducao-a-logoterapia-balck-freedom\/\"> logoterapia<\/a> e quem foi Viktor Frankl. Ao final voc\u00ea vai receber uma dica sobre os pr\u00f3ximos passos para seus estudos na abordagem!<\/p>\n<p>A Logoterapia\/An\u00e1lise Existencial \u00e9 uma abordagem psicoterap\u00eautica internacionalmente reconhecida e validada por institui\u00e7\u00f5es cient\u00edficas de renome, como a\u00a0 American Psychological Association (APA). Ela foi fundada na d\u00e9cada de 30 pelo neuropsiquiatra Viktor Emil Frankl (1905-1997). Esta abordagem possui bases robustas e eficazes que extrapolam o campo cl\u00ednico, podendo ser usada em diferentes \u00e1reas profissionais.<\/p>\n<p>Podemos dizer que suas interven\u00e7\u00f5es focalizam o sentido da vida, revelando a profundidade do ser humano e de suas vontades. Al\u00e9m disso, aponta para a complexidade de sua integralidade como um ser biopsicoespiritual que vivem em sociedade.<\/p>\n<p>Por conta dessa\u00a0 vis\u00e3o de pessoa da Logoterapia e An\u00e1lise existencial difere-se significativamente de outras abordagens, considerando o ser humano como um ser livre, consciente, respons\u00e1vel e transcendental.<\/p>\n<h2>Quem era Viktor Frankl?<\/h2>\n<p>Viktor Frankl, sobrevivente de quatro campos de concentra\u00e7\u00e3o nazistas na Segunda Guerra Mundial, desenvolveu a Logoterapia antes de ser preso. Este \u00e9 um fato desconhecido pelo p\u00fablico leigo nessa abordagem.<\/p>\n<p>Frankl, relata sua experi\u00eancia<em> crucis <\/em>em seu livro \u201cEm busca de Sentido\u201d, <em>best seller<\/em> mundial. Nele ele explica como colocou a prova tudo o que j\u00e1 tinha desenvolvido teoricamente em mais de 900 casos cl\u00ednicos catalogados em Viena, por meio de uma situa\u00e7\u00e3o extremamente cr\u00edtica,<\/p>\n<p>Assim, a vis\u00e3o de pessoa na Logoterapia, reconhece o ser humano como um ser livre, consciente, respons\u00e1vel e transcendental. Portanto, essa v\u00e3o n\u00e3o \u00e9 ing\u00eanua, mas baseada em s\u00f3lidos pressupostos filos\u00f3ficos. Al\u00e9m disso, foi empiricamente aplicada no contexto cl\u00ednico-cient\u00edfico e comprovada na viv\u00eancia pessoal de Frankl e seus companheiros de campo, especialmente em rela\u00e7\u00e3o ao profundo sofrimento humano.<\/p>\n<h2>Pressupostos filos\u00f3ficos da logoterapia<\/h2>\n<p>Pesquisas sobre a Logoterapia evidenciam a rela\u00e7\u00e3o entre desespero, sofrimento, sentido e transcend\u00eancia, demonstrando que <strong>&#8220;quem tem um para qu\u00ea, resiste a quase qualquer como&#8221;.<\/strong><\/p>\n<p>A Logoterapia trabalha, empiricamente, a capacidade humana de amar, trabalhar e sofrer, no contexto do sentido da vida. Esse processo terap\u00eautico permite ao ser humano expandir sua consci\u00eancia e compreens\u00e3o antropol\u00f3gica, facilitando a busca do sentido do amor, do trabalho e do sofrimento por meio da realiza\u00e7\u00e3o de valores na viv\u00eancia, cria\u00e7\u00e3o e atitude.<\/p>\n<h3>Influ\u00eancias da logoterapia<\/h3>\n<p>A Logoterapia \u00e9 considerada a Terceira Escola Vienense de Psicoterapia, ao lado da Psican\u00e1lise de Freud e da Psicologia Individual de Adler.\u00a0 Apesar disso, Viktor Frankl tamb\u00e9m estudou ambas as teorias. Com isso, ele dialogou e publicou escritos cient\u00edficos em ambos os movimentos e seu rompimento foi baseado em argumentos bem fundamentados em seus escritos.<\/p>\n<p>No entanto, Frankl mant\u00e9m sua admira\u00e7\u00e3o por esses autores, destacando suas contribui\u00e7\u00f5es e mantendo na Logoterapia a caracter\u00edstica de uma teoria aberta ao di\u00e1logo com diferentes pontos de vista cient\u00edficos que contribuem para a compreens\u00e3o da din\u00e2mica humana.<\/p>\n<p>Para a Logoterapia, a necessidade mais profunda do ser humano \u00e9 a busca de sentido. Apesar disso, ele n\u00e3o desconsidera a import\u00e2ncia da busca de prazer e poder na vida humana. Ao contr\u00e1rio, ele desenvolveu uma compreens\u00e3o antropol\u00f3gica que considera essas dimens\u00f5es como intrinsecamente relacionadas, consolidando uma vis\u00e3o do ser humano como um ser integral.<\/p>\n<p>Frankl descreve o ser humano para al\u00e9m da dualidade corpo-mente, considerando que, ao contr\u00e1rio de outros animais, somos essencialmente no\u00e9ticos, ou seja, espirituais. Para ele, a &#8220;vontade de sentido&#8221; \u00e9 a for\u00e7a motriz da humanidade do homem e a respons\u00e1vel pela tens\u00e3o existencial, central no processo psicoterap\u00eautico da Logoterapia.<\/p>\n<p>Mas aten\u00e7\u00e3o: o termo &#8220;espiritual&#8221; (Nous) n\u00e3o deve ser entendido em termos religiosos, mas filos\u00f3ficos. \u00c9 importante esclarecer que a Logoterapia n\u00e3o \u00e9 religiosa, mas fenomenol\u00f3gica. Ela acolhe o ser humano em sua integralidade, incluindo seu fen\u00f4meno religioso, considerando a forma pessoal e \u00fanica como cada pessoa vivencia seus valores, sendo livre e respons\u00e1vel por eles.<\/p>\n<h2>Logoterapia e contemporaneidade<\/h2>\n<p>No mundo contempor\u00e2neo, a Logoterapia e An\u00e1lise Existencial revelam uma profunda compreens\u00e3o do Vazio Existencial. Por isso, este fen\u00f4meno \u00e9 de profundo sofrimento nos dias de hoje. Esse vazio, que n\u00e3o \u00e9 considerado patol\u00f3gico por Frankl, \u00e9 resultante da frustra\u00e7\u00e3o da busca de sentido.<\/p>\n<p>O Vazio Existencial pode se manifestar de diferentes formas e causar impactos diversos no corpo, na psique e na sociedade. Al\u00e9m disso, ele pode levar ao desenvolvimento de padr\u00f5es neur\u00f3ticos e a quadros patol\u00f3gicos graves. Portanto, sua identifica\u00e7\u00e3o e compreens\u00e3o individual s\u00e3o essenciais, j\u00e1 que a logoterapia leva em considera\u00e7\u00e3o a rela\u00e7\u00e3o do ser humano com o mundo e com o valor da vida de forma \u00fanica, humana e com \u00eanfase na liberdade, responsabilidade, valores e sentido.<\/p>\n<p>Se voc\u00ea quer saber mais sobre Logoterapia, n\u00e3o deixe de <a href=\"https:\/\/www.freedomcursos.com.br\/black-freedom\/\">se aprofundar com nossos cursos<\/a>!<br \/>\nAtualmente, estamos oferecendo 50% de desconto em todos os cursos. Por isso, se eu fosse voc\u00ea, n\u00e3o deixaria para amanh\u00e3 a a oportunidade para se aprofundar na logoterapia e outros temas da psicologia.<\/p>\n<p>Te esperamos l\u00e1!<\/p>\n<p>Maria Helena Budal\u00a0 \u00c9 Psic\u00f3loga, Logoterapeuta, Mestre de Tecnologia e Intera\u00e7\u00e3o Humana pela UTFPR, Docente PUC-PR e Coordenadora da P\u00f3s-Gradua\u00e7\u00e3o em Logoterapia e An\u00e1lise Existencial do Instituto Freedom.<\/p>\n","protected":false},"excerpt":{"rendered":"<p>Conhe\u00e7a mais sobre a logoterapia! Neste texto, a coordenadora da nossa p\u00f3s &#8211; gradua\u00e7\u00e3o em logoterapia e an\u00e1lise existencial, Maria Helena Budal, vai te contar\u00a0 o que \u00e9 logoterapia e&hellip;<\/p>\n","protected":false},"author":1,"featured_media":1211,"comment_status":"open","ping_status":"closed","sticky":false,"template":"","format":"standard","meta":{"footnotes":""},"categories":[290],"tags":[293,291,292],"class_list":["post-1210","post","type-post","status-publish","format-standard","has-post-thumbnail","hentry","category-logoterapia-e-analise-existencial","tag-analise-existencial","tag-logoterapia","tag-viktor-frankl"],"_links":{"self":[{"href":"https:\/\/institutofreedom.com.br\/blog\/wp-json\/wp\/v2\/posts\/1210","targetHints":{"allow":["GET"]}}],"collection":[{"href":"https:\/\/institutofreedom.com.br\/blog\/wp-json\/wp\/v2\/posts"}],"about":[{"href":"https:\/\/institutofreedom.com.br\/blog\/wp-json\/wp\/v2\/types\/post"}],"author":[{"embeddable":true,"href":"https:\/\/institutofreedom.com.br\/blog\/wp-json\/wp\/v2\/users\/1"}],"replies":[{"embeddable":true,"href":"https:\/\/institutofreedom.com.br\/blog\/wp-json\/wp\/v2\/comments?post=1210"}],"version-history":[{"count":5,"href":"https:\/\/institutofreedom.com.br\/blog\/wp-json\/wp\/v2\/posts\/1210\/revisions"}],"predecessor-version":[{"id":1834,"href":"https:\/\/institutofreedom.com.br\/blog\/wp-json\/wp\/v2\/posts\/1210\/revisions\/1834"}],"wp:featuredmedia":[{"embeddable":true,"href":"https:\/\/institutofreedom.com.br\/blog\/wp-json\/wp\/v2\/media\/1211"}],"wp:attachment":[{"href":"https:\/\/institutofreedom.com.br\/blog\/wp-json\/wp\/v2\/media?parent=1210"}],"wp:term":[{"taxonomy":"category","embeddable":true,"href":"https:\/\/institutofreedom.com.br\/blog\/wp-json\/wp\/v2\/categories?post=1210"},{"taxonomy":"post_tag","embeddable":true,"href":"https:\/\/institutofreedom.com.br\/blog\/wp-json\/wp\/v2\/tags?post=1210"}],"curies":[{"name":"wp","href":"https:\/\/api.w.org\/{rel}","templated":true}]}}