{"id":126,"date":"2016-07-18T14:51:18","date_gmt":"2016-07-18T14:51:18","guid":{"rendered":"http:\/\/institutofreedom.com.br\/blog\/?p=126"},"modified":"2023-04-13T21:45:31","modified_gmt":"2023-04-13T21:45:31","slug":"inconsciente-pessoal-e-coletivo","status":"publish","type":"post","link":"https:\/\/institutofreedom.com.br\/blog\/inconsciente-pessoal-e-coletivo\/","title":{"rendered":"Inconsciente Pessoal e Inconsciente Coletivo"},"content":{"rendered":"<h2><strong>Inconsciente Coletivo\u00a0<\/strong><\/h2>\n<p>O Inconsciente Coletivo para Jung consiste em toda heran\u00e7a espiritual de evolu\u00e7\u00e3o da Humanidade, nascida novamente na estrutura cerebral de cada ser humano. Assim, podemos dizer que neste n\u00edvel mais profundo da psique, todos somos iguais, todos somos \u201cum\u201d.<\/p>\n<p>Nele est\u00e3o presentes todas as experi\u00eancias humanas e pr\u00e9-humanas.<\/p>\n<p>Segundo <a href=\"https:\/\/institutofreedom.com.br\/formacao-psicologia-junguiana.html?utm_source=site&amp;utm_medium=blog&amp;utm_campaign=conteudo-blog\" target=\"_blank\" rel=\"noopener\">Carl Gustav Jung<\/a>, criador da Psicologia Anal\u00edtica, o Inconsciente Coletivo se constitui em um reservat\u00f3rio de imagens latentes, nomeadas como \u201cimagens primordiais\u201d. Elas representam o desenvolvimento mais primitivo da psique e s\u00e3o transmitidas de gera\u00e7\u00e3o em gera\u00e7\u00e3o.<\/p>\n<p>Estas s\u00e3o, na verdade, predisposi\u00e7\u00f5es que experimentamos e nos fazem responder ao mundo, tal como nossos antepassados. Por exemplo, consideramos o exemplo do Medo que temos de determinados animais ou do escuro. Segundo os estudos de <a href=\"https:\/\/institutofreedom.com.br\/formacao-psicologia-junguiana.html?utm_source=site&amp;utm_medium=blog&amp;utm_campaign=conteudo-blog\" target=\"_blank\" rel=\"noopener\">Carl Gustav Jung<\/a>,\u00a0 herdamos de experi\u00eancias vivenciadas por nossos antepassados determinados medos que ficaram gravados em nossa Psique.<\/p>\n<p><a href=\"https:\/\/institutofreedom.com.br\/formacao-psicologia-junguiana.html?utm_source=site&amp;utm_medium=blog&amp;utm_campaign=conteudo-blog\" target=\"_blank\" rel=\"noopener\"><img loading=\"lazy\" decoding=\"async\" class=\"aligncenter wp-image-117\" src=\"http:\/\/institutofreedom.com.br\/blog\/wp-content\/uploads\/2016\/07\/mandalajunguiana-1-300x183.jpg\" alt=\"Mandala Junguiana representando o insconsciente\" width=\"483\" height=\"295\" \/><\/a><\/p>\n<p>Podemos ent\u00e3o afirmar que os conte\u00fados do Inconsciente Coletivo s\u00e3o estimuladores do comportamento pessoal que cada ser humano carrega em si desde o dia de seu nascimento.<\/p>\n<p>Os Arqu\u00e9tipos est\u00e3o presentes neste n\u00edvel da psique. Existe um Arqu\u00e9tipo para todas as situa\u00e7\u00f5es que ocorrem em nossa vida. Eles s\u00e3o formas sem conte\u00fado, que t\u00eam a fun\u00e7\u00e3o de registrar todas as percep\u00e7\u00f5es e comportamentos que temos diante das experi\u00eancias vivenciadas.<\/p>\n<p>As mulheres, por exemplo, n\u00e3o precisam aprender a ser m\u00e3e, pois isso \u00e9 inato e est\u00e1 presente no Inconsciente Coletivo, por\u00e9m os traumas, as experi\u00eancias negativas se tornam bloqueio a esta manifesta\u00e7\u00e3o Arquet\u00edpica.<\/p>\n<h2>Inconsciente Pessoal<\/h2>\n<p>Segundo <a href=\"https:\/\/institutofreedom.com.br\/formacao-psicologia-junguiana.html?utm_source=site&amp;utm_medium=blog&amp;utm_campaign=conteudo-blog\" target=\"_blank\" rel=\"noopener\">Carl Gustav Jung<\/a>, o Inconsciente Pessoal pode ser considerado como o reservat\u00f3rio de todo material que j\u00e1 foi consciente, por\u00e9m foi esquecido ou reprimido. Ou seja, tudo aquilo que o Ego n\u00e3o suporta \u00e9 transferido da Consci\u00eancia para o Inconsciente Pessoal.<\/p>\n<p>\u00c9 desta forma que este n\u00edvel da Psique \u00e9 comparado a um receptor, j ele tem a fun\u00e7\u00e3o de receber todas as atividades psicol\u00f3gicas e todos aqueles conte\u00fados que n\u00e3o conseguem se harmonizar com o processo de Individua\u00e7\u00e3o e com o Consciente. O Inconsciente pessoal na concep\u00e7\u00e3o da Psicologia Junguiana desempenha um papel de fundamental import\u00e2ncia na produ\u00e7\u00e3o dos sonhos.<\/p>\n<p>Todo conte\u00fado presente em toda a Estrutura da Psique, por mais absurdo e sem sentido que pare\u00e7a, \u00e9 real. Afinal, a Psique \u00e9 uma grande realidade.<\/p>\n<p>Por fim, o processo terap\u00eautico anal\u00edtico proposto por <a href=\"https:\/\/institutofreedom.com.br\/formacao-psicologia-junguiana.html?utm_source=site&amp;utm_medium=blog&amp;utm_campaign=conteudo-blog\" target=\"_blank\" rel=\"noopener\">Carl Gustav Jung<\/a> n\u00e3o \u00e9 prazeroso. Ao contr\u00e1rio, ele \u00e9 extremamente doloroso, pois ele nos leva a enfrentarmos o maior de todos os desafios, que consiste no confronto direto com o Inconsciente. Afinal, n\u00e3o \u00e9 poss\u00edvel vislumbrar a face de um anjo sem antes confrontar com o dem\u00f4nio.<\/p>\n<p><em>\u201cN\u00e3o h\u00e1 despertar da consci\u00eancia sem dor. As pessoas far\u00e3o de tudo, chegando aos limites do absurdo para evitar enfrentar a pr\u00f3pria alma. Ningu\u00e9m se torna iluminado por imaginar figuras de luz, mas sim por tornar consciente a escurid\u00e3o.\u201d<\/em>\u00a0<strong>(Carl Gustav Jung)<\/strong><\/p>\n<p>Encontre seu caminho, busque sempre pelo equil\u00edbrio.<\/p>\n<p>Fa\u00e7a terapia!<\/p>\n<p><strong>Texto escrito por: Evandro Rodrigo Trop\u00e9ia<\/strong><\/p>\n<p>&nbsp;<\/p>\n<p>Quer aprender ainda mais sobre Carl Gustav Jung e a Psicologia Anal\u00edtica? Mergulhe nessa \u00e1rea e torne-se um Analista Junguiano. Conhe\u00e7a nosso curso de capacita\u00e7\u00e3o profissional.<\/p>\n<p>&gt;&gt;&gt; <a href=\"https:\/\/institutofreedom.com.br\/formacao-psicologia-junguiana.html?utm_source=site&amp;utm_medium=blog&amp;utm_campaign=conteudo-blog\" target=\"_blank\" rel=\"noopener\"><strong>Forma\u00e7\u00e3o em Psicologia Anal\u00edtica Junguiana<\/strong><\/a><\/p>\n","protected":false},"excerpt":{"rendered":"<p>Inconsciente Coletivo\u00a0 O Inconsciente Coletivo para Jung consiste em toda heran\u00e7a espiritual de evolu\u00e7\u00e3o da Humanidade, nascida novamente na estrutura cerebral de cada ser humano. Assim, podemos dizer que neste&hellip;<\/p>\n","protected":false},"author":1,"featured_media":136,"comment_status":"open","ping_status":"open","sticky":false,"template":"","format":"standard","meta":{"footnotes":""},"categories":[5],"tags":[43,17,44,49,48,46,21,45],"class_list":["post-126","post","type-post","status-publish","format-standard","has-post-thumbnail","hentry","category-psicologia-analitica","tag-carl-gustav-jung","tag-carl-jung","tag-inconsciente","tag-inconsciente-coletivo","tag-inconsciente-pessoal","tag-psicanalise","tag-psicologia","tag-psicologia-analitica"],"_links":{"self":[{"href":"https:\/\/institutofreedom.com.br\/blog\/wp-json\/wp\/v2\/posts\/126","targetHints":{"allow":["GET"]}}],"collection":[{"href":"https:\/\/institutofreedom.com.br\/blog\/wp-json\/wp\/v2\/posts"}],"about":[{"href":"https:\/\/institutofreedom.com.br\/blog\/wp-json\/wp\/v2\/types\/post"}],"author":[{"embeddable":true,"href":"https:\/\/institutofreedom.com.br\/blog\/wp-json\/wp\/v2\/users\/1"}],"replies":[{"embeddable":true,"href":"https:\/\/institutofreedom.com.br\/blog\/wp-json\/wp\/v2\/comments?post=126"}],"version-history":[{"count":13,"href":"https:\/\/institutofreedom.com.br\/blog\/wp-json\/wp\/v2\/posts\/126\/revisions"}],"predecessor-version":[{"id":1571,"href":"https:\/\/institutofreedom.com.br\/blog\/wp-json\/wp\/v2\/posts\/126\/revisions\/1571"}],"wp:featuredmedia":[{"embeddable":true,"href":"https:\/\/institutofreedom.com.br\/blog\/wp-json\/wp\/v2\/media\/136"}],"wp:attachment":[{"href":"https:\/\/institutofreedom.com.br\/blog\/wp-json\/wp\/v2\/media?parent=126"}],"wp:term":[{"taxonomy":"category","embeddable":true,"href":"https:\/\/institutofreedom.com.br\/blog\/wp-json\/wp\/v2\/categories?post=126"},{"taxonomy":"post_tag","embeddable":true,"href":"https:\/\/institutofreedom.com.br\/blog\/wp-json\/wp\/v2\/tags?post=126"}],"curies":[{"name":"wp","href":"https:\/\/api.w.org\/{rel}","templated":true}]}}