{"id":1307,"date":"2022-09-06T14:40:48","date_gmt":"2022-09-06T14:40:48","guid":{"rendered":"https:\/\/www.institutofreedom.com.br\/blog\/?p=1307"},"modified":"2023-04-13T14:34:27","modified_gmt":"2023-04-13T14:34:27","slug":"as-pedras-na-arteterapia-elas-nos-escolhem","status":"publish","type":"post","link":"https:\/\/institutofreedom.com.br\/blog\/as-pedras-na-arteterapia-elas-nos-escolhem\/","title":{"rendered":"AS PEDRAS NA ARTETERAPIA, elas nos escolhem"},"content":{"rendered":"<p><span style=\"font-weight: 400;\">As pedras na arteterapia podem levar ao encontro com o primitivo por ser um elemento da natureza muito acess\u00edvel a todos e propiciar uma viv\u00eancia de mem\u00f3ria pessoal, ancestral onde o inconsciente emerja deixando o sentir fluir na vis\u00e3o e no toque da sua pedra. As pedras nos contam hist\u00f3rias geol\u00f3gicas da humanidade, nos falam de mem\u00f3rias ancestrais, da origem do ser, do interior da terra e do c\u00e9u. Segundo Hillman,\u201d <\/span><i><span style=\"font-weight: 400;\">as coisas t\u00eam alma<\/span><\/i><span style=\"font-weight: 400;\">\u201d: o tempo, o vento, a \u00e1gua e o fogo transformam as pedras, elas recebem e d\u00e3o energia cada <\/span><span style=\"font-weight: 400;\">qual ao seu modo.<\/span><span style=\"font-weight: 400;\">\u00a0<\/span><\/p>\n<blockquote><p><b><i>\u201cA sintonia com as pedras acontece em resson\u00e2ncia, com as ondas de nossa<\/i><\/b> <b><i>frequ\u00eancia mental, pois vibramos em curvas oscilat\u00f3rias de baixa, m\u00e9dia e alta<\/i><\/b> <b><i>frequ\u00eancia, de acordo com nossa vibra\u00e7\u00e3o pessoal.\u201d L\u00edgia L. Posser<\/i><\/b><b><i>\u00a0<\/i><\/b><\/p><\/blockquote>\n<p><span style=\"font-weight: 400;\">Assim como cada ser tem sua pr\u00f3pria alma, na sua pr\u00f3pria identidade a pedra carrega em si uma miss\u00e3o, uma mensagem. Abrir um di\u00e1logo para o entendimento da mensagem que a pedra traz \u00e9 mergulhar na intui\u00e7\u00e3o, deixar a observa\u00e7\u00e3o navegar, a sabedoria e as met\u00e1foras afloram al\u00e9m da dureza do material. Acredita-se que exista um elo entre a pedra e seu dono e que ela carrega em si propriedades de estruturar, equilibrar, integrar, agregar e reconstruir for\u00e7as internas. A utiliza\u00e7\u00e3o da pedra na arteterapia pode ser atrav\u00e9s de diversas t\u00e9cnicas como enc\u00e1ustica, pintura, empilhamento ou outras. Ela nos traz a mem\u00f3ria que fazemos parte deste cosmos que nossa ess\u00eancia \u00e9 simples, milenar e integrativa.\u00a0<\/span><\/p>\n<p><span style=\"font-weight: 400;\">Tricia Penna\u00a0<\/span><\/p>\n<p><span style=\"font-weight: 400;\">arteterapeuta, AATESP 494\/0319\u00a0<\/span><\/p>\n<p><span style=\"font-weight: 400;\">Refer\u00eancias Bibliogr\u00e1ficas\u00a0<\/span><\/p>\n<p><span style=\"font-weight: 400;\">Philippini, Angela. Linguagens, materiais expressivos em arteterapia: uso, indica\u00e7\u00f5es e propriedades. 2 ed, Rio de Janeiro: Wak Ed., 2018\u00a0<\/span><\/p>\n<p><span style=\"font-weight: 400;\">Luz, Anna. O caminho das pedras e dos cristais. 1 ed, S\u00e3o Paulo: Alfabeto Ed., 2020 Posser, Ligia da Luz. Cristalfluidoterapia: a vida por detr\u00e1s dos cristais. Google books, <\/span><\/p>\n","protected":false},"excerpt":{"rendered":"<p>As pedras na arteterapia podem levar ao encontro com o primitivo por ser um elemento da natureza muito acess\u00edvel a todos e propiciar uma viv\u00eancia de mem\u00f3ria pessoal, ancestral onde&hellip;<\/p>\n","protected":false},"author":4,"featured_media":1308,"comment_status":"open","ping_status":"closed","sticky":false,"template":"","format":"standard","meta":{"footnotes":""},"categories":[195],"tags":[196],"class_list":["post-1307","post","type-post","status-publish","format-standard","has-post-thumbnail","hentry","category-arteterapia","tag-arteterapia"],"_links":{"self":[{"href":"https:\/\/institutofreedom.com.br\/blog\/wp-json\/wp\/v2\/posts\/1307","targetHints":{"allow":["GET"]}}],"collection":[{"href":"https:\/\/institutofreedom.com.br\/blog\/wp-json\/wp\/v2\/posts"}],"about":[{"href":"https:\/\/institutofreedom.com.br\/blog\/wp-json\/wp\/v2\/types\/post"}],"author":[{"embeddable":true,"href":"https:\/\/institutofreedom.com.br\/blog\/wp-json\/wp\/v2\/users\/4"}],"replies":[{"embeddable":true,"href":"https:\/\/institutofreedom.com.br\/blog\/wp-json\/wp\/v2\/comments?post=1307"}],"version-history":[{"count":1,"href":"https:\/\/institutofreedom.com.br\/blog\/wp-json\/wp\/v2\/posts\/1307\/revisions"}],"predecessor-version":[{"id":1309,"href":"https:\/\/institutofreedom.com.br\/blog\/wp-json\/wp\/v2\/posts\/1307\/revisions\/1309"}],"wp:featuredmedia":[{"embeddable":true,"href":"https:\/\/institutofreedom.com.br\/blog\/wp-json\/wp\/v2\/media\/1308"}],"wp:attachment":[{"href":"https:\/\/institutofreedom.com.br\/blog\/wp-json\/wp\/v2\/media?parent=1307"}],"wp:term":[{"taxonomy":"category","embeddable":true,"href":"https:\/\/institutofreedom.com.br\/blog\/wp-json\/wp\/v2\/categories?post=1307"},{"taxonomy":"post_tag","embeddable":true,"href":"https:\/\/institutofreedom.com.br\/blog\/wp-json\/wp\/v2\/tags?post=1307"}],"curies":[{"name":"wp","href":"https:\/\/api.w.org\/{rel}","templated":true}]}}