{"id":1455,"date":"2023-02-06T07:00:52","date_gmt":"2023-02-06T07:00:52","guid":{"rendered":"https:\/\/www.institutofreedom.com.br\/blog\/?p=1455"},"modified":"2023-04-13T14:33:41","modified_gmt":"2023-04-13T14:33:41","slug":"faces-da-vida-luz-e-sombra","status":"publish","type":"post","link":"https:\/\/institutofreedom.com.br\/blog\/faces-da-vida-luz-e-sombra\/","title":{"rendered":"FACES DA VIDA: Luz e Sombra"},"content":{"rendered":"<p><span style=\"font-weight: 400;\">Segundo o pensamento de Carl G. Jung (1875 -1961), dentro de cada um de n\u00f3s h\u00e1 um outro que n\u00e3o conhecemos.<\/span><span style=\"font-weight: 400;\"><br \/>\n<\/span><span style=\"font-weight: 400;\">Todos os seres humanos tem seu lado obscuro. Se tudo correr bem, \u00e9 melhor nem conhecer.<\/span><span style=\"font-weight: 400;\"><br \/>\n<\/span><span style=\"font-weight: 400;\">N\u00f3s precisamos entender melhor a natureza humana, porque o \u00fanico perigo real \u00e9 o pr\u00f3prio homem.<\/span><\/p>\n<p><span style=\"font-weight: 400;\">A partir desse pensamento quero propor aqui o \u00a0racioc\u00ednio de que a<\/span><span style=\"font-weight: 400;\">\u00a0vida \u00e9 um ciclo de energia onde eu mesmo sou o equil\u00edbrio entre o medo e a coragem, a pergunta e a resposta, a alegria e a tristeza, a luz e a sombra. Somente pelo equil\u00edbrio entre as grandes extremidades ser\u00e1 poss\u00edvel compreender a F\u00e9 e a Raz\u00e3o.<\/span><span style=\"font-weight: 400;\"><br \/>\n<\/span><span style=\"font-weight: 400;\">Equil\u00edbrio \u00e9 saber at\u00e9 onde posso chegar e at\u00e9 onde vai o meu limite. Equilibrar-se implica em autoconhecimento.<\/span><span style=\"font-weight: 400;\"><br \/>\n<\/span><span style=\"font-weight: 400;\">Torna-se expressamente imposs\u00edvel alcan\u00e7ar o ponto de equil\u00edbrio sem passar pela estrada do conhecimento de si mesmo.<\/span><\/p>\n<p><span style=\"font-weight: 400;\">O homem planeja, estuda e arquiteta planos mirabolantes para combater o seu inimigo, por\u00e9m \u00e9 quase incapaz de elaborar uma estrat\u00e9gia para conhecer a si mesmo.<\/span><\/p>\n<p><span style=\"font-weight: 400;\">\u00c9 preciso compreender a m\u00e1xima express\u00e3o de que o meu maior inimigo sou eu mesmo.<\/span><\/p>\n<p><i><span style=\"font-weight: 400;\">&#8220;Que eu fa\u00e7a um mendigo sentar-se \u00e0 minha mesa,<\/span><\/i><i><span style=\"font-weight: 400;\"><br \/>\n<\/span><\/i><i><span style=\"font-weight: 400;\">Que eu perdoe aquele que me ofende e me esforce por amar,<\/span><\/i><i><span style=\"font-weight: 400;\"><br \/>\n<\/span><\/i><i><span style=\"font-weight: 400;\">Inclusive o meu inimigo, em nome de Cristo,<\/span><\/i><i><span style=\"font-weight: 400;\"><br \/>\n<\/span><\/i><i><span style=\"font-weight: 400;\">Tudo isto, naturalmente,<\/span><\/i><i><span style=\"font-weight: 400;\"><br \/>\n<\/span><\/i><i><span style=\"font-weight: 400;\">N\u00e3o deixa de ser uma grande virtude.<\/span><\/i><\/p>\n<p><i><span style=\"font-weight: 400;\">O que fa\u00e7o ao menor dos meus irm\u00e3os \u00e9 ao pr\u00f3prio Cristo que fa\u00e7o.<\/span><\/i><i><span style=\"font-weight: 400;\"><br \/>\n<\/span><\/i><i><span style=\"font-weight: 400;\">Mas o que acontecer\u00e1, se descubro, porventura,<\/span><\/i><i><span style=\"font-weight: 400;\"><br \/>\n<\/span><\/i><i><span style=\"font-weight: 400;\">Que o menor, o mais miser\u00e1vel de todos,<\/span><\/i><i><span style=\"font-weight: 400;\"><br \/>\n<\/span><\/i><i><span style=\"font-weight: 400;\">O mais pobre dos mendigos,<\/span><\/i><i><span style=\"font-weight: 400;\"><br \/>\n<\/span><\/i><i><span style=\"font-weight: 400;\">O mais insolente dos meus caluniadores,<\/span><\/i><i><span style=\"font-weight: 400;\"><br \/>\n<\/span><\/i><i><span style=\"font-weight: 400;\">O meu maior inimigo,<\/span><\/i><i><span style=\"font-weight: 400;\"><br \/>\n<\/span><\/i><i><span style=\"font-weight: 400;\">Reside dentro de mim, sou eu mesmo,<\/span><\/i><i><span style=\"font-weight: 400;\"><br \/>\n<\/span><\/i><i><span style=\"font-weight: 400;\">E precisa da esmola da minha bondade,<\/span><\/i><i><span style=\"font-weight: 400;\"><br \/>\n<\/span><\/i><i><span style=\"font-weight: 400;\">E que eu mesmo sou o inimigo que \u00e9 necess\u00e1rio amar.&#8221;<\/span><\/i><\/p>\n<p><span style=\"font-weight: 400;\">Sou ser total buscando minha individualidade.Sou Vida e Morte.\u00a0Luz e Sombra.\u00a0Sol e Chuva.\u00a0Sou alegria e sou a dor.<\/span><span style=\"font-weight: 400;\"><br \/>\n<\/span><span style=\"font-weight: 400;\">Eu sou Alma e sou Amor.<\/span><\/p>\n<p><span style=\"font-weight: 400;\">Em minha totalidade carrego dentro de mim o her\u00f3i e o bandido:<\/span><span style=\"font-weight: 400;\"><br \/>\n<\/span><span style=\"font-weight: 400;\">O Her\u00f3i: o homem doce, encantador, sens\u00edvel e am\u00e1vel. No entanto esse her\u00f3i carrega em si a sua sombra, o lado obscuro, arrebatador, potente e consumido por um fogo arrasador.<\/span><\/p>\n<p>&nbsp;<\/p>\n<p><span style=\"font-weight: 400;\">Evandro Rodrigo Trop\u00e9ia \/ Instituto Freedom<br \/>\n<\/span><span style=\"font-weight: 400;\">CRP: 06\/143949<\/span><\/p>\n","protected":false},"excerpt":{"rendered":"<p>Segundo o pensamento de Carl G. Jung (1875 -1961), dentro de cada um de n\u00f3s h\u00e1 um outro que n\u00e3o conhecemos. Todos os seres humanos tem seu lado obscuro. Se&hellip;<\/p>\n","protected":false},"author":4,"featured_media":1456,"comment_status":"open","ping_status":"closed","sticky":false,"template":"","format":"standard","meta":{"footnotes":""},"categories":[5],"tags":[241],"class_list":["post-1455","post","type-post","status-publish","format-standard","has-post-thumbnail","hentry","category-psicologia-analitica","tag-sombra"],"_links":{"self":[{"href":"https:\/\/institutofreedom.com.br\/blog\/wp-json\/wp\/v2\/posts\/1455","targetHints":{"allow":["GET"]}}],"collection":[{"href":"https:\/\/institutofreedom.com.br\/blog\/wp-json\/wp\/v2\/posts"}],"about":[{"href":"https:\/\/institutofreedom.com.br\/blog\/wp-json\/wp\/v2\/types\/post"}],"author":[{"embeddable":true,"href":"https:\/\/institutofreedom.com.br\/blog\/wp-json\/wp\/v2\/users\/4"}],"replies":[{"embeddable":true,"href":"https:\/\/institutofreedom.com.br\/blog\/wp-json\/wp\/v2\/comments?post=1455"}],"version-history":[{"count":3,"href":"https:\/\/institutofreedom.com.br\/blog\/wp-json\/wp\/v2\/posts\/1455\/revisions"}],"predecessor-version":[{"id":1459,"href":"https:\/\/institutofreedom.com.br\/blog\/wp-json\/wp\/v2\/posts\/1455\/revisions\/1459"}],"wp:featuredmedia":[{"embeddable":true,"href":"https:\/\/institutofreedom.com.br\/blog\/wp-json\/wp\/v2\/media\/1456"}],"wp:attachment":[{"href":"https:\/\/institutofreedom.com.br\/blog\/wp-json\/wp\/v2\/media?parent=1455"}],"wp:term":[{"taxonomy":"category","embeddable":true,"href":"https:\/\/institutofreedom.com.br\/blog\/wp-json\/wp\/v2\/categories?post=1455"},{"taxonomy":"post_tag","embeddable":true,"href":"https:\/\/institutofreedom.com.br\/blog\/wp-json\/wp\/v2\/tags?post=1455"}],"curies":[{"name":"wp","href":"https:\/\/api.w.org\/{rel}","templated":true}]}}