{"id":1481,"date":"2023-03-01T06:00:38","date_gmt":"2023-03-01T06:00:38","guid":{"rendered":"https:\/\/www.institutofreedom.com.br\/blog\/?p=1481"},"modified":"2023-04-13T14:33:34","modified_gmt":"2023-04-13T14:33:34","slug":"a-arteterapia-promove-qualidade-de-vida-no-envelhecimento","status":"publish","type":"post","link":"https:\/\/institutofreedom.com.br\/blog\/a-arteterapia-promove-qualidade-de-vida-no-envelhecimento\/","title":{"rendered":"A Arteterapia promove qualidade de vida no envelhecimento"},"content":{"rendered":"<p><span style=\"font-weight: 400;\">O processo de envelhecimento \u00e9 complexo, j\u00e1 que traz muitos desafios, mudan\u00e7as que ocorrem n\u00e3o s\u00f3 no aspecto f\u00edsico, mas tamb\u00e9m no econ\u00f4mico, social e emocional. A velhice n\u00e3o deve ser vista apenas como um per\u00edodo de perdas, mas tamb\u00e9m de adapta\u00e7\u00e3o, renova\u00e7\u00e3o e crescimento.\u00a0<\/span><\/p>\n<p><a href=\"https:\/\/www.institutofreedom.com.br\/blog\/wp-content\/uploads\/2023\/02\/2023-03-01-BLOG-2.jpg\" data-rel=\"penci-gallery-image-content\" ><img loading=\"lazy\" decoding=\"async\" class=\"aligncenter wp-image-1485 size-full\" src=\"https:\/\/www.institutofreedom.com.br\/blog\/wp-content\/uploads\/2023\/02\/2023-03-01-BLOG-2.jpg\" alt=\"\" width=\"588\" height=\"392\" srcset=\"https:\/\/institutofreedom.com.br\/blog\/wp-content\/uploads\/2023\/02\/2023-03-01-BLOG-2.jpg 588w, https:\/\/institutofreedom.com.br\/blog\/wp-content\/uploads\/2023\/02\/2023-03-01-BLOG-2-300x200.jpg 300w, https:\/\/institutofreedom.com.br\/blog\/wp-content\/uploads\/2023\/02\/2023-03-01-BLOG-2-585x390.jpg 585w\" sizes=\"auto, (max-width: 588px) 100vw, 588px\" \/><\/a><\/p>\n<p><span style=\"font-weight: 400;\">A Arteterapia contribui muito para o resgate ou aumento da autoestima na velhice, pois proporciona o desenvolvimento da criatividade e do autoconhecimento, com\u00a0 atividades prazerosas, de acordo com a condi\u00e7\u00e3o f\u00edsica e mental do idoso. Al\u00e9m disso, as atividades em grupo promovem a inser\u00e7\u00e3o social, abrindo caminhos para novos la\u00e7os de amizade.\u00a0<\/span><\/p>\n<p><span style=\"font-weight: 400;\">De acordo com <\/span><span style=\"font-weight: 400;\">Goldberg (2017, p.34) <\/span><\/p>\n<blockquote><p><span style=\"font-weight: 400;\">\u201co projeto de cada indiv\u00edduo pode ser tra\u00e7ado desde a inf\u00e2ncia, mas tamb\u00e9m pode ser constru\u00eddo ou modificado nas diferentes fases da vida\u201d.\u00a0<\/span><\/p><\/blockquote>\n<p><span style=\"font-weight: 400;\">\u00a0\u00a0<\/span><\/p>\n<p><b>Refer\u00eancias Bibliogr\u00e1ficas<\/b><\/p>\n<p><span style=\"font-weight: 400;\">CIORNAI, Selma; <\/span><i><span style=\"font-weight: 400;\">et al<\/span><\/i><span style=\"font-weight: 400;\">. (Org.) <\/span><b>Arteterapia no Processo do Envelhecimento<\/b><span style=\"font-weight: 400;\">. Rio de Janeiro: Wak, 2020.<\/span><\/p>\n<p><span style=\"font-weight: 400;\">GOLDENBERG, M.\u00a0 <\/span><b>A Bela Velhice<\/b><span style=\"font-weight: 400;\">. Rio de Janeiro: Record, 2017.<\/span><\/p>\n<p><span style=\"font-weight: 400;\">Texto escrito por F\u00e1tima Mattiolo para o Instituto Freedom<\/span><\/p>\n<p><span style=\"font-weight: 400;\">Arteterapeuta AATESP n\u00ba 513\/0719<\/span><\/p>\n","protected":false},"excerpt":{"rendered":"<p>O processo de envelhecimento \u00e9 complexo, j\u00e1 que traz muitos desafios, mudan\u00e7as que ocorrem n\u00e3o s\u00f3 no aspecto f\u00edsico, mas tamb\u00e9m no econ\u00f4mico, social e emocional. A velhice n\u00e3o deve&hellip;<\/p>\n","protected":false},"author":4,"featured_media":1483,"comment_status":"open","ping_status":"closed","sticky":false,"template":"","format":"standard","meta":{"footnotes":""},"categories":[195],"tags":[196],"class_list":["post-1481","post","type-post","status-publish","format-standard","has-post-thumbnail","hentry","category-arteterapia","tag-arteterapia"],"_links":{"self":[{"href":"https:\/\/institutofreedom.com.br\/blog\/wp-json\/wp\/v2\/posts\/1481","targetHints":{"allow":["GET"]}}],"collection":[{"href":"https:\/\/institutofreedom.com.br\/blog\/wp-json\/wp\/v2\/posts"}],"about":[{"href":"https:\/\/institutofreedom.com.br\/blog\/wp-json\/wp\/v2\/types\/post"}],"author":[{"embeddable":true,"href":"https:\/\/institutofreedom.com.br\/blog\/wp-json\/wp\/v2\/users\/4"}],"replies":[{"embeddable":true,"href":"https:\/\/institutofreedom.com.br\/blog\/wp-json\/wp\/v2\/comments?post=1481"}],"version-history":[{"count":4,"href":"https:\/\/institutofreedom.com.br\/blog\/wp-json\/wp\/v2\/posts\/1481\/revisions"}],"predecessor-version":[{"id":1488,"href":"https:\/\/institutofreedom.com.br\/blog\/wp-json\/wp\/v2\/posts\/1481\/revisions\/1488"}],"wp:featuredmedia":[{"embeddable":true,"href":"https:\/\/institutofreedom.com.br\/blog\/wp-json\/wp\/v2\/media\/1483"}],"wp:attachment":[{"href":"https:\/\/institutofreedom.com.br\/blog\/wp-json\/wp\/v2\/media?parent=1481"}],"wp:term":[{"taxonomy":"category","embeddable":true,"href":"https:\/\/institutofreedom.com.br\/blog\/wp-json\/wp\/v2\/categories?post=1481"},{"taxonomy":"post_tag","embeddable":true,"href":"https:\/\/institutofreedom.com.br\/blog\/wp-json\/wp\/v2\/tags?post=1481"}],"curies":[{"name":"wp","href":"https:\/\/api.w.org\/{rel}","templated":true}]}}