{"id":1715,"date":"2023-10-04T18:30:44","date_gmt":"2023-10-04T18:30:44","guid":{"rendered":"https:\/\/www.institutofreedom.com.br\/blog\/?p=1715"},"modified":"2023-10-04T18:30:44","modified_gmt":"2023-10-04T18:30:44","slug":"o-potencial-transformador-da-arteterapia-um-caminho-para-o-esperancar","status":"publish","type":"post","link":"https:\/\/institutofreedom.com.br\/blog\/o-potencial-transformador-da-arteterapia-um-caminho-para-o-esperancar\/","title":{"rendered":"O Potencial Transformador da Arteterapia: Um Caminho para o &#8220;Esperan\u00e7ar&#8221;"},"content":{"rendered":"<p>A palavra <a href=\"https:\/\/www.institutofreedom.com.br\/blog\/contribuicao-da-arte-no-processo-de-cura\/\" target=\"_blank\" rel=\"noopener\"><strong>esperan\u00e7a<\/strong><\/a> tem sua origem no latim, derivada de<em> \u201dspes\u201d<\/em>, que tem o significado de <em>\u201cconfian\u00e7a em algo positivo\u201d.<\/em> Tamb\u00e9m deu origem ao verbo <em>\u201csperare\u201d<\/em>, o nosso <em>\u201cesperar\u201d<\/em> que em latim significava<em> \u201cter esperan\u00e7a\u201d<\/em>. Mas o que significa esperan\u00e7ar? Paulo Freire usou a palavra esperan\u00e7ar para contrapor a ideia de mera espera que d\u00e1 a no\u00e7\u00e3o de passividade. Essa palavra j\u00e1 consta no dicion\u00e1rio e significa<em> \u201cdar esperan\u00e7as a\u201d, \u201cconfiar\u201d.<\/em><\/p>\r\n<h2>O mito de Prometeu, esperan\u00e7a e arteterapia:<\/h2>\r\n<p>No conhecido<a href=\"https:\/\/www.institutofreedom.com.br\/blog\/diferenca-entre-mitos-e-contos-de-fadas\/\" target=\"_blank\" rel=\"noopener\"> <strong>mito<\/strong><\/a> de Prometeu, este rouba o fogo de Zeus para entreg\u00e1-lo \u00e0 humanidade, no entanto o fogo era exclusivo dos deuses e, por isso, Zeus vai em busca de vingan\u00e7a. Com a ajuda de outros deuses, Zeus cria Pandora que seria a primeira mulher a viver com os homens da Terra. Pandora recebe uma caixa de Zeus que continha muitos males para a humanidade como a guerra, o \u00f3dio, a disc\u00f3rdia, a inveja, as doen\u00e7as, mas tamb\u00e9m continha a esperan\u00e7a. <a href=\"https:\/\/www.institutofreedom.com.br\/blog\/psicologia-e-saude-mental-a-jornada-para-o-autoconhecimento\/\" target=\"_blank\" rel=\"noopener\"><strong>Prometeu<\/strong><\/a> havia orientado o seu irm\u00e3o, Epimeteu, para que n\u00e3o recebesse nenhum presente de Zeus, por\u00e9m, ficou encantado com a beleza de Pandora e abriu a caixa, deixando escapar todos os males para a humanidade, mas na caixa ficou a esperan\u00e7a.<\/p>\r\n<p>Trazer o fogo \u00e9 trazer luz, \u00e9 o despertar da consci\u00eancia, \u00e9 a busca de novos conhecimentos, novas possibilidades. A Arteterapia ajuda nesse despertar, desenvolvendo a criatividade, ampliando e reconhecendo os recursos internos. Proporciona uma esperan\u00e7a que est\u00e1 conectada ao \u201cesperan\u00e7ar\u201d, n\u00e3o ao \u201cesperar\u201d. Os in\u00fameros recursos que podem ser utilizados nas sess\u00f5es arteterap\u00eauticas estimulam o olhar para novos horizontes. De acordo com Ara\u00fajo (2014, p. 119):<\/p>\r\n<blockquote>\r\n<p>Pandora e Prometeu simbolizam duas polaridades opostas na psique. Enquanto Prometeu traz a luz, a consci\u00eancia, Pandora traz a sombra, o inconsciente. Enquanto o Prometeu traz o princ\u00edpio masculino, Pandora traz o princ\u00edpio feminino, traz a anima, o diferente. O ser humano s\u00f3 cresce no confronto da luz com a sombra, do feminino com o masculino, coordenando essas polaridades para fazer com que elas funcionem de uma forma dial\u00e9tica.<\/p>\r\n<\/blockquote>\r\n<p>Na atualidade, vivemos sob in\u00fameros desafios, como doen\u00e7as f\u00edsicas e psicol\u00f3gicas. A <strong><a href=\"https:\/\/www.institutofreedom.com.br\/blog\/consideracoes-sobre-o-medo-e-a-ansiedade\/\" target=\"_blank\" rel=\"noopener\">ansiedade<\/a> e a <a href=\"https:\/\/www.institutofreedom.com.br\/blog\/arteterapia-e-depressao\/\" target=\"_blank\" rel=\"noopener\">depress\u00e3o<\/a><\/strong>, principalmente depois da pandemia, aumentaram consideravelmente. A <a href=\"https:\/\/www.posgraduacaoarteterapia.com.br\/\" target=\"_blank\" rel=\"noopener\"><strong>Arteterapia<\/strong><\/a> n\u00e3o dispensa a ajuda da psicoterapia, nem da psiquiatria, contudo, tem auxiliado de forma efetiva a trazer ao indiv\u00edduo uma melhor qualidade de vida com o \u201cesperan\u00e7ar\u201d.<\/p>\r\n<p style=\"text-align: left;\"><em><span style=\"font-weight: 400;\">Texto escrito por F\u00e1tima Mattiolo para o Instituto Freedom (<\/span><span style=\"font-weight: 400;\">Arteterapeuta &#8211; AATESP n\u00ba 513\/0719).<\/span><\/em><\/p>\r\n","protected":false},"excerpt":{"rendered":"<p>A palavra esperan\u00e7a tem sua origem no latim, derivada de \u201dspes\u201d, que tem o significado de \u201cconfian\u00e7a em algo positivo\u201d. Tamb\u00e9m deu origem ao verbo \u201csperare\u201d, o nosso \u201cesperar\u201d que&hellip;<\/p>\n","protected":false},"author":5,"featured_media":1718,"comment_status":"open","ping_status":"closed","sticky":false,"template":"","format":"standard","meta":{"footnotes":""},"categories":[195],"tags":[],"class_list":["post-1715","post","type-post","status-publish","format-standard","has-post-thumbnail","hentry","category-arteterapia"],"_links":{"self":[{"href":"https:\/\/institutofreedom.com.br\/blog\/wp-json\/wp\/v2\/posts\/1715","targetHints":{"allow":["GET"]}}],"collection":[{"href":"https:\/\/institutofreedom.com.br\/blog\/wp-json\/wp\/v2\/posts"}],"about":[{"href":"https:\/\/institutofreedom.com.br\/blog\/wp-json\/wp\/v2\/types\/post"}],"author":[{"embeddable":true,"href":"https:\/\/institutofreedom.com.br\/blog\/wp-json\/wp\/v2\/users\/5"}],"replies":[{"embeddable":true,"href":"https:\/\/institutofreedom.com.br\/blog\/wp-json\/wp\/v2\/comments?post=1715"}],"version-history":[{"count":2,"href":"https:\/\/institutofreedom.com.br\/blog\/wp-json\/wp\/v2\/posts\/1715\/revisions"}],"predecessor-version":[{"id":1719,"href":"https:\/\/institutofreedom.com.br\/blog\/wp-json\/wp\/v2\/posts\/1715\/revisions\/1719"}],"wp:featuredmedia":[{"embeddable":true,"href":"https:\/\/institutofreedom.com.br\/blog\/wp-json\/wp\/v2\/media\/1718"}],"wp:attachment":[{"href":"https:\/\/institutofreedom.com.br\/blog\/wp-json\/wp\/v2\/media?parent=1715"}],"wp:term":[{"taxonomy":"category","embeddable":true,"href":"https:\/\/institutofreedom.com.br\/blog\/wp-json\/wp\/v2\/categories?post=1715"},{"taxonomy":"post_tag","embeddable":true,"href":"https:\/\/institutofreedom.com.br\/blog\/wp-json\/wp\/v2\/tags?post=1715"}],"curies":[{"name":"wp","href":"https:\/\/api.w.org\/{rel}","templated":true}]}}