{"id":1797,"date":"2024-02-19T18:01:14","date_gmt":"2024-02-19T18:01:14","guid":{"rendered":"https:\/\/institutofreedom.com.br\/blog\/?p=1797"},"modified":"2025-01-28T20:19:37","modified_gmt":"2025-01-28T20:19:37","slug":"supervisao-clinica","status":"publish","type":"post","link":"https:\/\/institutofreedom.com.br\/blog\/supervisao-clinica\/","title":{"rendered":"Supervis\u00e3o cl\u00ednica na abordagem da Psicologia Anal\u00edtica"},"content":{"rendered":"<h1><b>SUPERVIS\u00c3O CL\u00cdNICA NA ABORDAGEM DA PSICOLOGIA ANAL\u00cdTICA<\/b>\u00a0<i><span data-contrast=\"auto\"><br \/>\n<\/span><\/i><\/h1>\n<p><i><span data-contrast=\"auto\">\u201cSupervis\u00e3o: aquilo que n\u00e3o est\u00e1 claro para n\u00f3s, porque n\u00e3o o queremos reconhecer em n\u00f3s mesmos, nos leva a impedir que se torne consciente no paciente, naturalmente, em detrimento dele.\u201d<\/span><\/i><\/p>\n<h3><b><span data-contrast=\"auto\">O que \u00e9 supervis\u00e3o cl\u00ednica?<\/span><\/b><span data-ccp-props=\"{&quot;201341983&quot;:0,&quot;335559739&quot;:160,&quot;335559740&quot;:259}\">\u00a0<\/span><\/h3>\n<p><span data-contrast=\"auto\">De acordo com o Conselho Federal de Psicologia: \u201cA supervis\u00e3o cl\u00ednica tem como objetivos sanar d\u00favidas sobre t\u00e9cnicas terap\u00eauticas, promover reflex\u00e3o sobre o v\u00ednculo terap\u00eautico com os atendidos, fornecer os recursos necess\u00e1rios para que o psicoterapeuta <\/span><b><span data-contrast=\"auto\">desenvolva o racioc\u00ednio cl\u00ednico<\/span><\/b><span data-contrast=\"auto\">, analise as conting\u00eancias relevantes e elabore um plano terap\u00eautico. \u00c9 uma oportunidade de enriquecimento com um profissional qualificado para tal.\u201d<\/span><span data-ccp-props=\"{&quot;201341983&quot;:0,&quot;335559739&quot;:160,&quot;335559740&quot;:259}\"> (JACOBY, 1991)<\/span><\/p>\n<p>&nbsp;<\/p>\n<h3><b><span data-contrast=\"auto\">Por que voc\u00ea deve fazer supervis\u00e3o?<\/span><\/b><span data-ccp-props=\"{&quot;201341983&quot;:0,&quot;335559739&quot;:160,&quot;335559740&quot;:259}\">\u00a0<\/span><\/h3>\n<p><span data-contrast=\"auto\">\u00a0Mario Jacob j\u00e1 dizia: \u201cA pr\u00e1tica da psicoterapia junguiana consiste em duas pessoas se encontrando para tentar compreender que se passa no inconsciente de uma delas. <\/span><\/p>\n<p><span data-contrast=\"auto\">O\/a analisanda\/o tem sintomas, conflitos ou insatisfa\u00e7\u00f5es profundas com as quais vem lutando sozinha\/o em v\u00e3o. Os sintomas (complexos) parecem mais poderosos do que qualquer for\u00e7a de vontade consciente que esteja a seu dispor. <\/span><\/p>\n<p><span data-contrast=\"auto\">A fonte da neurose est\u00e1 escondida de ambos (paciente e analista). Juntos eles exploram causas inconscientes, metas e significados. <\/span><\/p>\n<p><b><span data-contrast=\"auto\">N\u00e3o basta compreender o inconsciente e a consci\u00eancia da pessoa em an\u00e1lise. \u00c9 importante considerar o que est\u00e1 acontecendo entre as duas pessoas envolvidas nesse processo<\/span><\/b><span data-contrast=\"auto\">. A rela\u00e7\u00e3o anal\u00edtica \u00e9 absolutamente necess\u00e1ria para o processo terap\u00eautico e \u00e9 por meio da supervis\u00e3o que isso pode ser trabalhado.\u00a0<\/span><\/p>\n<p><span data-contrast=\"auto\">Alguns dos seus aspectos impulsionam o processo, outros podem atrasar. Qualquer analista junguiano sabe que n\u00e3o \u00e9 seu trabalho curar. A ajuda s\u00f3 pode vir atrav\u00e9s da transforma\u00e7\u00e3o da atitude do paciente, do encontro de uma rela\u00e7\u00e3o acertada com seu inconsciente. Mas, uma vez que o analista \u00e9 tomado inconscientemente pelo arqu\u00e9tipo do curador, esse conhecimento pode ser usado de forma zelosa.\u201d\u00a0<\/span><\/p>\n<p><span data-contrast=\"auto\">Dessa forma a supervis\u00e3o cl\u00ednica, na abordagem junguiana, tem por objetivo <\/span><b><span data-contrast=\"auto\">contribuir para amplia\u00e7\u00e3o simb\u00f3lica dos conte\u00fados ps\u00edquicos (falas, sintomas, sonhos, sincronicidades) trazidos pelos atendidos e pelo analista, sondar as transfer\u00eancias e contratransfer\u00eancias no intuito de colaborar para o manejo cl\u00ednico.<\/span><\/b><span data-ccp-props=\"{&quot;201341983&quot;:0,&quot;335559739&quot;:160,&quot;335559740&quot;:259}\">\u00a0<\/span><\/p>\n<h3><span data-ccp-props=\"{&quot;201341983&quot;:0,&quot;335559739&quot;:160,&quot;335559740&quot;:259}\">Onde posso fazer supervis\u00e3o na abordagem da psicologia anal\u00edtica?<\/span><\/h3>\n<p><span data-ccp-props=\"{&quot;201341983&quot;:0,&quot;335559739&quot;:160,&quot;335559740&quot;:259}\">\u00a0Por conta da relev\u00e2ncia da pr\u00e1tica para o desenvolvimento profissional na cl\u00ednica, \u00e9 de suma import\u00e2ncia a escolha de um\u00a0 lugar id\u00f4neo, que tenha o reconhecimento e\u00a0 as certifica\u00e7\u00f5es necess\u00e1rias. Al\u00e9m disso, \u00e9 importante que os profissionais respons\u00e1veis pela supervis\u00e3o tenham a forma\u00e7\u00e3o adequada e bons anos de experi\u00eancia no exerc\u00edcio dos atendimentos.\u00a0<\/span><\/p>\n<p>Aqui no Instituto Freedom, estamos com as vagas abertas para<strong> DUAS turmas de supervis\u00e3o<\/strong>, com os docentes Jorge Miklos e Rangel Fabrete.<\/p>\n<p>Para conferir informa\u00e7\u00f5es como dias, hor\u00e1rios e valores, <a href=\"https:\/\/www.institutofreedom.com.br\/grupos-de-supervisao\/\">clique aqui.<\/a> Mas corra, pois para garantir a ampla participa\u00e7\u00e3o, as vagas s\u00e3o limitadas.<\/p>\n<h3><b><span data-contrast=\"auto\">A Psicoterapia na Abordagem Junguiana<\/span><\/b><span data-ccp-props=\"{&quot;201341983&quot;:0,&quot;335559739&quot;:160,&quot;335559740&quot;:259}\">\u00a0<\/span><\/h3>\n<p><span data-contrast=\"auto\">Assim \u00e9, no nosso entendimento o olhar junguiano sobre a psicodin\u00e2mica.<\/span><span data-ccp-props=\"{&quot;201341983&quot;:0,&quot;335559739&quot;:160,&quot;335559740&quot;:259}\">\u00a0<\/span><\/p>\n<p><span data-contrast=\"auto\">\u201cDurante os vinte primeiros anos de sua vida, Jung se sentiu constantemente inseguro e desconfort\u00e1vel em seu ambiente. Ele sabia o que significava n\u00e3o estar \u201cdentro dos padr\u00f5es\u201d, sentir-se diferente dos outros e aguentar o olhar e as zombarias daqueles que n\u00e3o gostam que n\u00e3o sejamos como eles. Isso formou sua atitude desde o in\u00edcio de sua exist\u00eancia e lhe ensinou a confiar e a se apoiar unicamente em seus recursos interiores. Tal abertura \u00e0 \u201cdiferen\u00e7a\u201d formou seu esp\u00edrito para sempre. Seu olhar penetrante sobre os seres e as coisas, bem como a maneira como considerava a doen\u00e7a mental e a neurose, seriam profundamente influenciados por isso.<\/span><span data-ccp-props=\"{&quot;201341983&quot;:0,&quot;335559739&quot;:160,&quot;335559740&quot;:259}\">\u00a0<\/span><\/p>\n<p><span data-contrast=\"auto\">Com seu modo extremamente humano de encarar a rela\u00e7\u00e3o m\u00e9dico-paciente, Jung n\u00e3o tenta enfatizar o lado patol\u00f3gico das pessoas ou os aspectos que nelas n\u00e3o funcionam bem, visando elimin\u00e1-los, corrigi-los ou faz\u00ea-los entrar nos padr\u00f5es. Ele sabe que <\/span><b><span data-contrast=\"auto\">cada um constr\u00f3i sua neurose como rea\u00e7\u00e3o de sobreviv\u00eancia e numa tentativa de autocura. O objetivo principal, portanto, n\u00e3o \u00e9 fazer com que ela desapare\u00e7a, mas, ao contr\u00e1rio, tentar compreender o que a impulsiona e sua significa\u00e7\u00e3o profunda. \u00c9 descobrir qual poderia ter sido sua utilidade no contexto em que cada um viveu e se desenvolveu. Ao faz\u00ea-lo, Jung esfor\u00e7a-se para encontrar o valor pr\u00f3prio de cada ser e sua riqueza interior, a fim de permitir que cada um descubra quem verdadeiramente \u00e9, para que viva com mais coer\u00eancia consigo mesmo, ainda que isso n\u00e3o esteja de acordo com aquilo que o ambiente espera dele.<\/span><\/b><span data-ccp-props=\"{&quot;201341983&quot;:0,&quot;335559739&quot;:160,&quot;335559740&quot;:259}\">\u00a0<\/span><\/p>\n<h3>A vis\u00e3o de Jung<\/h3>\n<p><span data-contrast=\"auto\">Pois, para Jung, que era psiquiatra, ningu\u00e9m \u00e9 verdadeiramente normal ou anormal, psiquicamente saud\u00e1vel ou doente. Ali\u00e1s, quem pode realmente dizer o que \u00e9 \u201cnormalidade\u201d? Todos os seres s\u00e3o diferentes e somos todos, em determinadas circunst\u00e2ncias ou em alguns momentos, um pouco \u201cloucos\u201d, ou at\u00e9 mesmo \u201cperdidos\u201d no dif\u00edcil caminho da vida. Mas talvez resida exatamente a\u00ed nossa originalidade, pensava ele.<\/span><span data-ccp-props=\"{&quot;201341983&quot;:0,&quot;335559739&quot;:160,&quot;335559740&quot;:259}\">\u00a0<\/span><\/p>\n<p><span data-contrast=\"auto\">A vis\u00e3o que Jung tem do mundo e dos seres n\u00e3o \u00e9 bin\u00e1ria. Ele n\u00e3o tenta combater ou eliminar nossas contradi\u00e7\u00f5es e falhas. Ao contr\u00e1rio, Jung empenha-se, e a\u00ed est\u00e1 sua grande originalidade, em encontrar o sentido que elas t\u00eam para n\u00f3s hoje, o que faz com que sejamos como somos. Ele busca o que essas contradi\u00e7\u00f5es v\u00eam compensar e o que podem significar em rela\u00e7\u00e3o ao que foi estabelecido interiormente, de maneira inconsciente, na tentativa natural de encontrar o equil\u00edbrio aceit\u00e1vel e conseguir, tanto quanto poss\u00edvel, continuar a viver apesar de nossas feridas. Em outras palavras, Jung interessava- -se por compreender o que nossas contradi\u00e7\u00f5es e falhas querem dizer sobre n\u00f3s mesmos, com o objetivo final de conseguir integrar esse conte\u00fado ao conjunto de nossa personalidade, mas, desta vez, com toda consci\u00eancia, levando em considera\u00e7\u00e3o a extrema \u201ccomplexidade\u201d de todo ser.\u201d<\/span><span data-ccp-props=\"{&quot;201341983&quot;:0,&quot;335559739&quot;:160,&quot;335559740&quot;:259}\">\u00a0<\/span><\/p>\n<p><span data-contrast=\"auto\"><strong>Refer\u00eancias Bibliogr\u00e1ficas<\/strong><br \/>\nTHIBAUDIER, Viviane <\/span><b><span data-contrast=\"auto\">Jung, m\u00e9dico da alma<\/span><\/b><span data-contrast=\"auto\">. Tradu\u00e7\u00e3o Martha Gouveia da Cruz, Alexandra D. de Sousa. S\u00e3o Paulo: Paulus, 2014. (Cole\u00e7\u00e3o Amor e psique) p. 11-13<\/span><span data-ccp-props=\"{&quot;201341983&quot;:0,&quot;335559739&quot;:160,&quot;335559740&quot;:259}\"><br \/>\nJACOBY, M. <strong>O encontro anal\u00edtico.<\/strong> S\u00e3o Paulo: Cultrix, 1991.<br \/>\n<\/span>JUNG, C. G. <strong>a Pr\u00e1tica da Psicoterapia.<\/strong> OC- Volume XVI\/I P\u00e1g.06)<\/p>\n<p>Texto produzido por nosso docente e supervisor cl\u00ednico, Jorge Milkos.<\/p>\n","protected":false},"excerpt":{"rendered":"<p>SUPERVIS\u00c3O CL\u00cdNICA NA ABORDAGEM DA PSICOLOGIA ANAL\u00cdTICA\u00a0 \u201cSupervis\u00e3o: aquilo que n\u00e3o est\u00e1 claro para n\u00f3s, porque n\u00e3o o queremos reconhecer em n\u00f3s mesmos, nos leva a impedir que se torne&hellip;<\/p>\n","protected":false},"author":1,"featured_media":1800,"comment_status":"open","ping_status":"closed","sticky":false,"template":"","format":"standard","meta":{"footnotes":""},"categories":[5],"tags":[],"class_list":["post-1797","post","type-post","status-publish","format-standard","has-post-thumbnail","hentry","category-psicologia-analitica"],"_links":{"self":[{"href":"https:\/\/institutofreedom.com.br\/blog\/wp-json\/wp\/v2\/posts\/1797","targetHints":{"allow":["GET"]}}],"collection":[{"href":"https:\/\/institutofreedom.com.br\/blog\/wp-json\/wp\/v2\/posts"}],"about":[{"href":"https:\/\/institutofreedom.com.br\/blog\/wp-json\/wp\/v2\/types\/post"}],"author":[{"embeddable":true,"href":"https:\/\/institutofreedom.com.br\/blog\/wp-json\/wp\/v2\/users\/1"}],"replies":[{"embeddable":true,"href":"https:\/\/institutofreedom.com.br\/blog\/wp-json\/wp\/v2\/comments?post=1797"}],"version-history":[{"count":4,"href":"https:\/\/institutofreedom.com.br\/blog\/wp-json\/wp\/v2\/posts\/1797\/revisions"}],"predecessor-version":[{"id":1805,"href":"https:\/\/institutofreedom.com.br\/blog\/wp-json\/wp\/v2\/posts\/1797\/revisions\/1805"}],"wp:featuredmedia":[{"embeddable":true,"href":"https:\/\/institutofreedom.com.br\/blog\/wp-json\/wp\/v2\/media\/1800"}],"wp:attachment":[{"href":"https:\/\/institutofreedom.com.br\/blog\/wp-json\/wp\/v2\/media?parent=1797"}],"wp:term":[{"taxonomy":"category","embeddable":true,"href":"https:\/\/institutofreedom.com.br\/blog\/wp-json\/wp\/v2\/categories?post=1797"},{"taxonomy":"post_tag","embeddable":true,"href":"https:\/\/institutofreedom.com.br\/blog\/wp-json\/wp\/v2\/tags?post=1797"}],"curies":[{"name":"wp","href":"https:\/\/api.w.org\/{rel}","templated":true}]}}