{"id":461,"date":"2016-08-09T18:46:43","date_gmt":"2016-08-09T18:46:43","guid":{"rendered":"http:\/\/institutofreedom.com.br\/blog\/?p=461"},"modified":"2023-06-06T19:42:16","modified_gmt":"2023-06-06T19:42:16","slug":"heroi-e-heroina","status":"publish","type":"post","link":"https:\/\/institutofreedom.com.br\/blog\/heroi-e-heroina\/","title":{"rendered":"Her\u00f3is e Hero\u00ednas"},"content":{"rendered":"<p><span style=\"font-weight: 400;\">Nos <a href=\"https:\/\/institutofreedom.com.br\/conto-de-fada.html\" target=\"_blank\" rel=\"noopener noreferrer\">contos de fadas<\/a>, encontramos a figura do her\u00f3i, ou hero\u00edna. Uma figura para a qual torcemos e com a qual nos emocionamos. Suas perip\u00e9cias e fa\u00e7anhas nos fazem sonhar e nos arrebatam da realidade em que vivemos para um mundo novo, cheio de aventuras.<\/span><\/p>\n<h2>A figura do her\u00f3i nos contos de fadas<\/h2>\n<p><span style=\"font-weight: 400;\">O her\u00f3i \u00e9 abstrato e nos mostra algo ideal. Geralmente seu nascimento n\u00e3o \u00e9 habitual. Esse nascimento \u00e9 comumente acompanhado de algo miraculoso, de diferente, e algumas vezes o casal parental n\u00e3o pode conceber. <\/span><span style=\"font-weight: 400;\">Outra caracter\u00edstica marcante \u00e9 que ele ou ela deve passar por certo n\u00famero de provas para poder alcan\u00e7ar seu objetivo. <\/span><\/p>\n<p><span style=\"font-weight: 400;\">Mas esse fasc\u00ednio que essas figuras nos causam \u00e9 devido a um car\u00e1ter irracional do her\u00f3i. O her\u00f3i e a hero\u00edna n\u00e3o s\u00e3o seres humanos comuns, s\u00e3o figuras arquet\u00edpicas.<\/span><\/p>\n<h2>O significado arquet\u00edpico do her\u00f3i<\/h2>\n<p><span style=\"font-weight: 400;\">De acordo com Von Franz em &#8220;O Feminino nos Contos de Fadas&#8221;, o her\u00f3i e a hero\u00edna dos <a href=\"https:\/\/institutofreedom.com.br\/conto-de-fada.html\" target=\"_blank\" rel=\"noopener noreferrer\">contos de fadas<\/a> representam um ego arquet\u00edpico que \u00e9 edificado pelo <\/span><i><span style=\"font-weight: 400;\">Self<\/span><\/i><span style=\"font-weight: 400;\">. Ele \u00e9 o impulso latente para a produ\u00e7\u00e3o do ego, por isso as crian\u00e7as que est\u00e3o no est\u00e1gio de forma\u00e7\u00e3o do ego se encantam tanto com essas figuras. Os her\u00f3is s\u00e3o um modelo ideal do Complexo do ego. Eles representam um modelo de comportamento da personalidade consciente. Aquele que age em harmonia com seus instintos e com a totalidade ps\u00edquica.<\/span><\/p>\n<p><span style=\"font-weight: 400;\">A psique com seus arqu\u00e9tipos \u00e9 uma possibilidade virtual, e necessita do ego para a realiza\u00e7\u00e3o concreta na realidade, sen\u00e3o s\u00e3o apenas possibilidades.<\/span><\/p>\n<p><span style=\"font-weight: 400;\">O arqu\u00e9tipo no inconsciente coletivo n\u00e3o tem forma e nem pode ser nomeado, somente quando atinge o limiar da consci\u00eancia passa a ter uma forma definida e um padr\u00e3o de comportamento.<\/span><\/p>\n<p><span style=\"font-weight: 400;\">Portanto a totalidade da psique necessita do ego encarnado para se realizar de forma efetiva.<\/span><\/p>\n<p><span style=\"font-weight: 400;\">Entretanto, nosso ego tem a tend\u00eancia de se dissociar da totalidade ps\u00edquica e o que \u00e9 pior oferecer oposi\u00e7\u00e3o a ela, o que gera in\u00fameras neuroses.<\/span><\/p>\n<p><a href=\"https:\/\/institutofreedom.com.br\/conto-de-fada.html\" target=\"_blank\" rel=\"noopener noreferrer\"><img loading=\"lazy\" decoding=\"async\" class=\"aligncenter wp-image-463\" src=\"http:\/\/institutofreedom.com.br\/blog\/wp-content\/uploads\/2016\/08\/463910796-alladin-300x203.jpg\" alt=\"Personagem Alladin representando um her\u00f3i\" width=\"451\" height=\"306\" srcset=\"https:\/\/institutofreedom.com.br\/blog\/wp-content\/uploads\/2016\/08\/463910796-alladin-300x203.jpg 300w, https:\/\/institutofreedom.com.br\/blog\/wp-content\/uploads\/2016\/08\/463910796-alladin.jpg 426w\" sizes=\"auto, (max-width: 451px) 100vw, 451px\" \/><\/a><\/p>\n<h2>A import\u00e2ncia do her\u00f3i na forma\u00e7\u00e3o do ego<\/h2>\n<p><span style=\"font-weight: 400;\">Levando em considera\u00e7\u00e3o que o ego nasce do inconsciente, porque o inconsciente cria algo que lhe causa tanto transtorno<\/span><span style=\"font-weight: 400;\">?<\/span><\/p>\n<p><span style=\"font-weight: 400;\">\u00c9 comum dizermos que n\u00f3s seres humanos nos diferenciamos dos animais por termos livre arb\u00edtrio. Bem os animais, seguem seus instintos, n\u00e3o oferecem resist\u00eancia a eles e n\u00e3o questionam seus atos.<\/span><\/p>\n<p><span style=\"font-weight: 400;\">N\u00f3s humanos questionamos, resistimos e interferimos justamente porque temos a consci\u00eancia da finitude do ego. Sabemos que o ego \u00e9 fr\u00e1gil e impotente diante do inconsciente. Como dizia Freud, pai da psican\u00e1lise, n\u00e3o somos donos de nossa pr\u00f3pria casa.<\/span><\/p>\n<p><span style=\"font-weight: 400;\">Mas \u00e9 justamente nesse conflito gerado pela ang\u00fastia da d\u00favida e da dissocia\u00e7\u00e3o que ocorre a consci\u00eancia. A totalidade al\u00e9m de querer que estejamos em conson\u00e2ncia com ela, ainda quer que fa\u00e7amos isso com consci\u00eancia.<\/span><\/p>\n<p><span style=\"font-weight: 400;\">Mas ter essa consci\u00eancia \u00e9 uma b\u00ean\u00e7\u00e3o e uma maldi\u00e7\u00e3o ao mesmo tempo. Prometeu roubou o fogo dos deuses para dar aos homens. Zeus como forma de vingan\u00e7a enviou Pandora a Epimeteu e esta abre uma caixa que ele guardava a mando de seu irm\u00e3o, Prometeu. Ao abrir a caixa de l\u00e1 saiu todos os males que viriam para tornar a vida do homem em um caos, entretanto, ela fecha rapidamente esta, restando dentro apenas o mal que acabaria com a esperan\u00e7a.<\/span><\/p>\n<p><span style=\"font-weight: 400;\">Isto mostra que o fogo que traz consci\u00eancia traz justamente a consci\u00eancia do bem e do mal.<\/span><\/p>\n<p><span style=\"font-weight: 400;\">Al\u00e9m disso, atender a um pedido do <\/span><i><span style=\"font-weight: 400;\">Self<\/span><\/i><span style=\"font-weight: 400;\"> causa um medo terr\u00edvel. O ego est\u00e1 acostumado com aquilo que ele conhece, com a zona de conforto, mesmo que esta n\u00e3o seja t\u00e3o confort\u00e1vel assim. Ele n\u00e3o deseja mudan\u00e7a, pois um dos maiores prazeres e talvez a maior paix\u00e3o do homem \u00e9 a pregui\u00e7a.<\/span><\/p>\n<h2>A supera\u00e7\u00e3o do medo e o despertar dos desejos<\/h2>\n<p><span style=\"font-weight: 400;\">Atender algo que vem do Self traz medo porque tem um car\u00e1ter numinoso, uma for\u00e7a tremenda que pode mudar a personalidade consciente e fazer com percamos o controle! E o que o ego mais gosta \u00e9 de controle. Por isso \u00e9 muito penoso \u00e0s vezes come\u00e7ar um novo relacionamento, entrar em um novo emprego, ou ter uma nova proposta de vida. <\/span><\/p>\n<p><span style=\"font-weight: 400;\">Estar \u00e0 merc\u00ea do oceano do inconsciente e n\u00e3o saber para onde ele nos levar\u00e1 \u00e9 assustador, mas os her\u00f3is e hero\u00ednas nos contos de fadas nos d\u00e3o uma pista de que perder o controle vale a pena e que superar o medo traz a tona nossos mais preciosos desejos e a possibilidade de realizarmos na realidade pr\u00e1tica.<\/span><\/p>\n<p><span style=\"font-weight: 400;\">Escolha seu her\u00f3i, ou sua hero\u00edna e aprenda com ele, observe, sinta e aprenda de que forma ele segue seu instinto, seu faro e como ele n\u00e3o oferece resist\u00eancia ao que tem que ser.<\/span><\/p>\n<p>Quer se aprofundar ainda mais no assunto sobre contos de fadas? Conhe\u00e7a o curso de capacita\u00e7\u00e3o profissional do Instituto Freedom para essa \u00e1rea.<\/p>\n<p><strong>&gt;&gt;&gt;\u00a0<a href=\"https:\/\/institutofreedom.com.br\/cursos\/capacitac-o-profissional\/conto-de-fada.html\" target=\"_blank\" rel=\"noopener noreferrer\">Curso de Contos de Fada<\/a><\/strong><\/p>\n","protected":false},"excerpt":{"rendered":"<p>Nos contos de fadas, encontramos a figura do her\u00f3i, ou hero\u00edna. Uma figura para a qual torcemos e com a qual nos emocionamos. Suas perip\u00e9cias e fa\u00e7anhas nos fazem sonhar&hellip;<\/p>\n","protected":false},"author":1,"featured_media":524,"comment_status":"open","ping_status":"open","sticky":false,"template":"","format":"standard","meta":{"footnotes":""},"categories":[5],"tags":[43,17,56,116,119,46,45,164],"class_list":["post-461","post","type-post","status-publish","format-standard","has-post-thumbnail","hentry","category-psicologia-analitica","tag-carl-gustav-jung","tag-carl-jung","tag-contos-de-fadas","tag-marie-louise-von-franz","tag-o-feminino-nos-contos-de-fadas","tag-psicanalise","tag-psicologia-analitica","tag-psicologia-junguiana"],"_links":{"self":[{"href":"https:\/\/institutofreedom.com.br\/blog\/wp-json\/wp\/v2\/posts\/461","targetHints":{"allow":["GET"]}}],"collection":[{"href":"https:\/\/institutofreedom.com.br\/blog\/wp-json\/wp\/v2\/posts"}],"about":[{"href":"https:\/\/institutofreedom.com.br\/blog\/wp-json\/wp\/v2\/types\/post"}],"author":[{"embeddable":true,"href":"https:\/\/institutofreedom.com.br\/blog\/wp-json\/wp\/v2\/users\/1"}],"replies":[{"embeddable":true,"href":"https:\/\/institutofreedom.com.br\/blog\/wp-json\/wp\/v2\/comments?post=461"}],"version-history":[{"count":4,"href":"https:\/\/institutofreedom.com.br\/blog\/wp-json\/wp\/v2\/posts\/461\/revisions"}],"predecessor-version":[{"id":1639,"href":"https:\/\/institutofreedom.com.br\/blog\/wp-json\/wp\/v2\/posts\/461\/revisions\/1639"}],"wp:featuredmedia":[{"embeddable":true,"href":"https:\/\/institutofreedom.com.br\/blog\/wp-json\/wp\/v2\/media\/524"}],"wp:attachment":[{"href":"https:\/\/institutofreedom.com.br\/blog\/wp-json\/wp\/v2\/media?parent=461"}],"wp:term":[{"taxonomy":"category","embeddable":true,"href":"https:\/\/institutofreedom.com.br\/blog\/wp-json\/wp\/v2\/categories?post=461"},{"taxonomy":"post_tag","embeddable":true,"href":"https:\/\/institutofreedom.com.br\/blog\/wp-json\/wp\/v2\/tags?post=461"}],"curies":[{"name":"wp","href":"https:\/\/api.w.org\/{rel}","templated":true}]}}