{"id":475,"date":"2016-08-24T16:08:38","date_gmt":"2016-08-24T16:08:38","guid":{"rendered":"http:\/\/institutofreedom.com.br\/blog\/?p=475"},"modified":"2023-06-06T23:47:02","modified_gmt":"2023-06-06T23:47:02","slug":"psicanalise-como-base-teorica","status":"publish","type":"post","link":"https:\/\/institutofreedom.com.br\/blog\/psicanalise-como-base-teorica\/","title":{"rendered":"O que \u00e9 Psican\u00e1lise"},"content":{"rendered":"<div id=\"attachment_479\" style=\"width: 1034px\" class=\"wp-caption aligncenter\"><a href=\"http:\/\/institutofreedom.com.br\/blog\/wp-content\/uploads\/2016\/08\/Instituto-Freedom-2016-08-24-blog1.jpg\" data-rel=\"penci-gallery-image-content\" ><img loading=\"lazy\" decoding=\"async\" aria-describedby=\"caption-attachment-479\" class=\"wp-image-479 size-large\" src=\"https:\/\/www.institutofreedom.com.br\/blog\/wp-content\/uploads\/2016\/08\/Instituto-Freedom-2016-08-24-blog1-1024x655.jpg\" alt=\"#freud #psicanalise #SimonedePaula #Psicanalista Psican\u00e1lise\" width=\"1024\" height=\"655\" \/><\/a><p id=\"caption-attachment-479\" class=\"wp-caption-text\">O que \u00e9 psican\u00e1lise?<br \/>Psican\u00e1lise \u00e9 um m\u00e9todo de investiga\u00e7\u00e3o ps\u00edquica, baseada num arcabou\u00e7o te\u00f3rico pr\u00f3prio, desenvolvido a partir da experi\u00eancia cl\u00ednica. Ela serve para o tratamento do mal-estar humano. Simone de Paula, Psicanalista<\/p><\/div>\n<h2>O que \u00e9 a Psican\u00e1lise?<\/h2>\n<p>A Psican\u00e1lise \u00e9 um m\u00e9todo de investiga\u00e7\u00e3o ps\u00edquica, baseada num arcabou\u00e7o te\u00f3rico pr\u00f3prio, desenvolvido a partir da experi\u00eancia cl\u00ednica. Ela serve para o <strong>tratamento do mal-estar humano<\/strong>.<\/p>\n<p>Hoje temos \u00e0 nossa disposi\u00e7\u00e3o in\u00fameros artigos que podem nos dar respostas sobre tudo, inclusive ampliar bastante a descri\u00e7\u00e3o sint\u00e9tica feita acima sobre \u2018o que \u00e9 a psican\u00e1lise\u2019.<\/p>\n<p>Se quisermos saber sobre determinado conceito, temos artigos que explicam de um jeito mais informal. Ou trabalhos acad\u00eamicos que mostram como o conceito foi constru\u00eddo. E ainda, infogr\u00e1ficos que os ilustram. Sem falar nos v\u00eddeos-aula, que tamb\u00e9m abordam diversos temas.<\/p>\n<p>Al\u00e9m disso, in\u00fameras correntes terap\u00eauticas, al\u00e9m da psican\u00e1lise, tamb\u00e9m tentam dar conta do mal-estar humano, que insiste em nos causar ang\u00fastias por diversos motivos e situa\u00e7\u00f5es.<\/p>\n<h2>Princ\u00edpios te\u00f3ricos da psican\u00e1lise<\/h2>\n<p>Viver nunca foi f\u00e1cil. Nenhum ser humano nasce com manual de instru\u00e7\u00e3o. Ningu\u00e9m vem ao mundo pronto, \u00e9 preciso se constituir. E \u00e9 aqui que a Psican\u00e1lise entra, na <strong>constru\u00e7\u00e3o dos sujeitos,<\/strong> na abertura do campo discursivo para que se possa falar de si mesmo, levantar hip\u00f3teses e se reconhecer como quem se \u00e9. \u00c9 na psican\u00e1lise que podemos falar de n\u00f3s, largando o \u2018estar certo\u2019 no mundo e <strong>encontrando o \u2018ser verdadeiro\u2019<\/strong> sobre si mesmo.<\/p>\n<p>A Psican\u00e1lise surge com Freud, no final do s\u00e9culo XIX, momento cultural em que a repress\u00e3o era muito forte na sociedade europ\u00e9ia. Nesta \u00e9poca, as mulheres, em sua maioria, sofriam de ang\u00fastias as mais diversas, e n\u00e3o encontravam um meio de verbaliz\u00e1-las. Com isso, passavam a apresentar males, adoeciam gravemente.<\/p>\n<div id=\"attachment_480\" style=\"width: 223px\" class=\"wp-caption aligncenter\"><a href=\"http:\/\/institutofreedom.com.br\/blog\/wp-content\/uploads\/2016\/08\/Instituto-Freedom-2016-08-24-blog2.jpg\" data-rel=\"penci-gallery-image-content\" ><img loading=\"lazy\" decoding=\"async\" aria-describedby=\"caption-attachment-480\" class=\"wp-image-480 size-medium\" src=\"https:\/\/www.institutofreedom.com.br\/blog\/wp-content\/uploads\/2016\/08\/Instituto-Freedom-2016-08-24-blog2-213x300.jpg\" alt=\"#freud #psican\u00e1lise #sigmundfreud\" width=\"213\" height=\"300\" srcset=\"https:\/\/institutofreedom.com.br\/blog\/wp-content\/uploads\/2016\/08\/Instituto-Freedom-2016-08-24-blog2-213x300.jpg 213w, https:\/\/institutofreedom.com.br\/blog\/wp-content\/uploads\/2016\/08\/Instituto-Freedom-2016-08-24-blog2.jpg 544w\" sizes=\"auto, (max-width: 213px) 100vw, 213px\" \/><\/a><p id=\"caption-attachment-480\" class=\"wp-caption-text\">A Psican\u00e1lise surge com Freud, no final do s\u00e9culo XIX, momento cultural em que a repress\u00e3o era muito forte na sociedade europ\u00e9ia.<\/p><\/div>\n<h2>M\u00e9todos psicanal\u00edticos<\/h2>\n<p>Diante de tal desafio, o m\u00e9dico vienense subverte os tratamentos convencionais e passa a investigar e tratar seus pacientes atrav\u00e9s da chamada <strong>\u2018cura pela fala\u2019.<\/strong><\/p>\n<p>Muito tempo se passou, mas a psican\u00e1lise conserva seu m\u00e9todo de conduta cl\u00ednica, a chamada <strong>\u2018associa\u00e7\u00e3o livre\u2019.<\/strong> O processo investigativo leva o paciente a abrir-se a um campo discursivo que estava limitado. Mais do que uma conversa, o processo anal\u00edtico pede a escuta especial que permite n\u00e3o apenas que se possa dizer tudo que vier \u00e0 cabe\u00e7a sem censura, mas tamb\u00e9m que os efeitos dessa fala reorganizem subjetivamente aquele paciente.<\/p>\n<p>O que acontece entre duas pessoas num setting anal\u00edtico \u00e9 praticamente imposs\u00edvel de se reproduzir, pois a experi\u00eancia conta com a j\u00e1 citada escuta flutuante, e principalmente com o dispositivo fundamental do processo, a chamada transfer\u00eancia.<\/p>\n<p>A transfer\u00eancia \u00e9 um efeito entre a dupla analista \/ analisante que se instaura a partir das entrevistas preliminares, ou seja, as primeiras sess\u00f5es. Caso a transfer\u00eancia n\u00e3o aconte\u00e7a, muito provavelmente aquele processo n\u00e3o se desenvolver\u00e1, pois a fala que \u00e9 emitida n\u00e3o encontra a escuta que lhe parece necess\u00e1ria.<\/p>\n<p>Essa condi\u00e7\u00e3o essencial para o tratamento n\u00e3o \u00e9 algo que se fa\u00e7a de forma calculada, ou ela acontece, ou n\u00e3o. E, tudo isso se passa no inconsciente, que \u00e9 um elemento pr\u00f3prio da condi\u00e7\u00e3o psicanal\u00edtica.<\/p>\n<h2>O papel do inconsciente<\/h2>\n<p>O inconsciente \u00e9 um campo da mente em que temos parte do funcionamento ps\u00edquico. Como o pr\u00f3prio nome diz, n\u00e3o sabemos, ou provamos, a exist\u00eancia do Inconsciente, mas temos not\u00edcias dele atrav\u00e9s dos seus efeitos.<\/p>\n<p>Para a psican\u00e1lise, o Inconsciente se manifesta de forma inesperada, especialmente nos processos de linguagem, tais como atos falhos, lapsos, ditos espirituosos, e tamb\u00e9m nos sonhos e nos sintomas que nos causam os males da alma.<\/p>\n<p>Atrav\u00e9s do que se diz e do que se ouve, \u00e9 poss\u00edvel permitir que se perceba aquilo que estava reprimido no campo inconsciente e elaborar aspectos antigos que, por n\u00e3o terem o devido destino, ficam insistindo em afetar a nossa vida.<\/p>\n<p>Desde a inven\u00e7\u00e3o da psican\u00e1lise, temos um espa\u00e7o \u00fanico para dar conta das quest\u00f5es humanas. Saber de si \u00e9 a melhor forma de n\u00e3o adoecer.<\/p>\n<p>Simone de Paula<br \/>\nPsicanalista<\/p>\n","protected":false},"excerpt":{"rendered":"<p>O que \u00e9 a Psican\u00e1lise? A Psican\u00e1lise \u00e9 um m\u00e9todo de investiga\u00e7\u00e3o ps\u00edquica, baseada num arcabou\u00e7o te\u00f3rico pr\u00f3prio, desenvolvido a partir da experi\u00eancia cl\u00ednica. Ela serve para o tratamento do&hellip;<\/p>\n","protected":false},"author":1,"featured_media":509,"comment_status":"open","ping_status":"open","sticky":false,"template":"","format":"standard","meta":{"footnotes":""},"categories":[5],"tags":[134,66,44,46,21,45,67],"class_list":["post-475","post","type-post","status-publish","format-standard","has-post-thumbnail","hentry","category-psicologia-analitica","tag-cura-pela-fala","tag-freud","tag-inconsciente","tag-psicanalise","tag-psicologia","tag-psicologia-analitica","tag-sigmund-freud"],"_links":{"self":[{"href":"https:\/\/institutofreedom.com.br\/blog\/wp-json\/wp\/v2\/posts\/475","targetHints":{"allow":["GET"]}}],"collection":[{"href":"https:\/\/institutofreedom.com.br\/blog\/wp-json\/wp\/v2\/posts"}],"about":[{"href":"https:\/\/institutofreedom.com.br\/blog\/wp-json\/wp\/v2\/types\/post"}],"author":[{"embeddable":true,"href":"https:\/\/institutofreedom.com.br\/blog\/wp-json\/wp\/v2\/users\/1"}],"replies":[{"embeddable":true,"href":"https:\/\/institutofreedom.com.br\/blog\/wp-json\/wp\/v2\/comments?post=475"}],"version-history":[{"count":7,"href":"https:\/\/institutofreedom.com.br\/blog\/wp-json\/wp\/v2\/posts\/475\/revisions"}],"predecessor-version":[{"id":1647,"href":"https:\/\/institutofreedom.com.br\/blog\/wp-json\/wp\/v2\/posts\/475\/revisions\/1647"}],"wp:featuredmedia":[{"embeddable":true,"href":"https:\/\/institutofreedom.com.br\/blog\/wp-json\/wp\/v2\/media\/509"}],"wp:attachment":[{"href":"https:\/\/institutofreedom.com.br\/blog\/wp-json\/wp\/v2\/media?parent=475"}],"wp:term":[{"taxonomy":"category","embeddable":true,"href":"https:\/\/institutofreedom.com.br\/blog\/wp-json\/wp\/v2\/categories?post=475"},{"taxonomy":"post_tag","embeddable":true,"href":"https:\/\/institutofreedom.com.br\/blog\/wp-json\/wp\/v2\/tags?post=475"}],"curies":[{"name":"wp","href":"https:\/\/api.w.org\/{rel}","templated":true}]}}