{"id":638,"date":"2017-09-06T23:59:13","date_gmt":"2017-09-06T23:59:13","guid":{"rendered":"https:\/\/institutofreedom.com.br\/blog\/?p=638"},"modified":"2023-04-13T14:30:41","modified_gmt":"2023-04-13T14:30:41","slug":"o-ego-e-sua-importante-contribuicao-para-o-processo-de-individuacao","status":"publish","type":"post","link":"https:\/\/institutofreedom.com.br\/blog\/o-ego-e-sua-importante-contribuicao-para-o-processo-de-individuacao\/","title":{"rendered":"O EGO E SUA IMPORTANTE CONTRIBUI\u00c7\u00c3O PARA O PROCESSO DE INDIVIDUA\u00c7\u00c3O"},"content":{"rendered":"<p>Hoje vamos partilhar um pouco sobre este importante conceito anal\u00edtico\u00a0desenvolvido por Carl Gustav Jung (1875-1961).<\/p>\n<p>Segundo Carl Gustav Jung (2009), o Ego consiste na estrutura organizacional da\u00a0Consci\u00eancia, no qual sua fun\u00e7\u00e3o primordial \u00a0nos remete a composi\u00e7\u00e3o das percep\u00e7\u00f5es\u00a0conscientes, das recorda\u00e7\u00f5es, dos pensamentos e dos sentimentos.<\/p>\n<p>De acordo com Hall e Norbdy (1980), apesar de ocupar uma parte muito\u00a0pequena da totalidade da psique, ele \u00e9 dotado de uma fun\u00e7\u00e3o b\u00e1sica e fundamental. O\u00a0Ego \u00e9 altamente seletivo. Cabe a ele realizar a importante tarefa de fornecer \u00e0\u00a0personalidade elementos de identidade e continuidade atrav\u00e9s do processo de sele\u00e7\u00e3o.<\/p>\n<p>Para Jung (2009), atrav\u00e9s do Ego podemos sentir hoje que somos a mesma\u00a0pessoa que ontem.<\/p>\n<p>Segundo Hall e Norbdy (1980) assim como na consci\u00eancia, o Processo de\u00a0Individua\u00e7\u00e3o tamb\u00e9m atua intimamente ligada ao Ego, no intuito de proporcionar por\u00a0meio dessa uni\u00e3o, o desenvolvimento de uma personalidade distinta e persistente\u00a0(JUNG, 2016).<\/p>\n<p>Conforme o pensamento proposto por Carl Gustav Jung, o ser humano s\u00f3 poder\u00e1\u00a0individualizar-se na medida em que o Ego for permitindo que as experi\u00eancias recebidas\u00a0se tornem parte da Consci\u00eancia.<\/p>\n<p>Um exemplo bem comum desse processo nos remete ao caso de que se uma\u00a0pessoa \u00e9 do tipo sensitivo, o Ego permitir\u00e1 que chegue \u00e0 parte Consciente da mente um\u00a0n\u00famero maior de experi\u00eancias ligadas \u00e0s emo\u00e7\u00f5es \/ sentimentos. Se o indiv\u00edduo for do\u00a0tipo pensativo; os pensamentos (Racionalidade) chegar\u00e3o \u00e0 Consci\u00eancia com maior\u00a0facilidade. Neste caso, a racionaliza\u00e7\u00e3o se destaca e supera as emo\u00e7\u00f5es (HALL;\u00a0NORBDY, 1980).<\/p>\n<p>Jung nos aponta que o Ego de uma pessoa altamente Individuada permite que\u00a0um maior n\u00famero de elementos ps\u00edquicos se torne consciente, gerando assim um\u00a0equil\u00edbrio fundamental em sua estrutura.<\/p>\n<p>Para Carl Gustav Jung, o Ego consiste numa parte constituinte da mente\u00a0humana, como um processo funcional composto por tudo aquilo que n\u00f3s vemos,\u00a0convivemos e podemos perceber. O Ego para Jung \u00e9 muito mais do que o simples \u201ceu\u201d,\u00a0\u00e9 um apanhado de recorda\u00e7\u00f5es, emo\u00e7\u00f5es, sentimentos e ideias que posicionam nosso\u00a0comportamento e nos tornam conscientes.<\/p>\n<p>Jung leva em considera\u00e7\u00e3o que a personalidade \u00e9 composta pela uni\u00e3o do ego\u00a0com o \u201cself\u201d, que seria uma parte \u201csuprema\u201d do indiv\u00edduo respons\u00e1vel por mover o ego\u00a0e sua consci\u00eancia, este, encarregado de desvendar e interpretar o que parece\u00a0inconsciente e desconhecido.<\/p>\n<p>O principal objetivo de toda Personalidade, seja ela qual for, \u00e9 chegar \u00e0 auto-realiza\u00e7\u00e3o e conhecimento do pr\u00f3prio Self.<\/p>\n<p>A busca pelo autoconhecimento \u00e9 o \u00fanico caminho para tal realiza\u00e7\u00e3o.<\/p>\n<p>Esta \u00e9 a tarefa mais dif\u00edcil que o homem pode encontrar durante toda a sua\u00a0exist\u00eancia. Tarefa esta que exige demasiado esfor\u00e7o, disciplina constante e muita\u00a0sabedoria aliada \u00e0 intensa responsabilidade.<\/p>\n<p>O Self tem a capacidade de ser o regulador e o governante de nossa\u00a0personalidade. Atrav\u00e9s do desenvolvimento desse arqu\u00e9tipo, o homem fica motivado e\u00a0impulsionado a uma amplia\u00e7\u00e3o da consci\u00eancia e come\u00e7a a perceber o rumo de sua\u00a0pr\u00f3pria vida (JUNG, 2016).<\/p>\n<p>De acordo com a Psicologia Anal\u00edtica teoria elaborada por Jung, o homem s\u00f3\u00a0poder\u00e1 viver em harmonia com a pr\u00f3pria natureza a partir do momento em que tornar\u00a0consciente aquilo que \u00e9 inconsciente.<\/p>\n<p>\u201cO Self \u00e9 a meta da nossa exist\u00eancia, por ser ele a mais completa\u00a0express\u00e3o da combina\u00e7\u00e3o a que estamos fadados e que denominamos\u00a0individualidade.\u201d (Carl Gustav Jung)<\/p>\n<p>&nbsp;<\/p>\n<p>REFER\u00caNCIAS BIBLIOGR\u00c1FICAS:<\/p>\n<p>HALL C.S. e NORDBY V. J. Introdu\u00e7\u00e3o \u00e0 Psicologia Junguiana, S\u00e3o Paulo, Cultrix,\u00a01980.<\/p>\n<p>JUNG, C. G. A Natureza da Psique. 7. ed. Petr\u00f3polis: Vozes, 2009.<\/p>\n<p>JUNG, C. G. Mem\u00f3rias, Sonhos e Reflex\u00f5es. Ed. Nova Fronteira, Rio de Janeiro, 2016.<\/p>\n<p>&nbsp;<\/p>\n<p>Texto: Evandro Rodrigo Trop\u00e9ia para Instituto Freedom<\/p>\n","protected":false},"excerpt":{"rendered":"<p>Hoje vamos partilhar um pouco sobre este importante conceito anal\u00edtico\u00a0desenvolvido por Carl Gustav Jung (1875-1961). Segundo Carl Gustav Jung (2009), o Ego consiste na estrutura organizacional da\u00a0Consci\u00eancia, no qual sua&hellip;<\/p>\n","protected":false},"author":1,"featured_media":639,"comment_status":"open","ping_status":"open","sticky":false,"template":"","format":"standard","meta":{"footnotes":""},"categories":[5],"tags":[],"class_list":["post-638","post","type-post","status-publish","format-standard","has-post-thumbnail","hentry","category-psicologia-analitica"],"_links":{"self":[{"href":"https:\/\/institutofreedom.com.br\/blog\/wp-json\/wp\/v2\/posts\/638","targetHints":{"allow":["GET"]}}],"collection":[{"href":"https:\/\/institutofreedom.com.br\/blog\/wp-json\/wp\/v2\/posts"}],"about":[{"href":"https:\/\/institutofreedom.com.br\/blog\/wp-json\/wp\/v2\/types\/post"}],"author":[{"embeddable":true,"href":"https:\/\/institutofreedom.com.br\/blog\/wp-json\/wp\/v2\/users\/1"}],"replies":[{"embeddable":true,"href":"https:\/\/institutofreedom.com.br\/blog\/wp-json\/wp\/v2\/comments?post=638"}],"version-history":[{"count":1,"href":"https:\/\/institutofreedom.com.br\/blog\/wp-json\/wp\/v2\/posts\/638\/revisions"}],"predecessor-version":[{"id":640,"href":"https:\/\/institutofreedom.com.br\/blog\/wp-json\/wp\/v2\/posts\/638\/revisions\/640"}],"wp:featuredmedia":[{"embeddable":true,"href":"https:\/\/institutofreedom.com.br\/blog\/wp-json\/wp\/v2\/media\/639"}],"wp:attachment":[{"href":"https:\/\/institutofreedom.com.br\/blog\/wp-json\/wp\/v2\/media?parent=638"}],"wp:term":[{"taxonomy":"category","embeddable":true,"href":"https:\/\/institutofreedom.com.br\/blog\/wp-json\/wp\/v2\/categories?post=638"},{"taxonomy":"post_tag","embeddable":true,"href":"https:\/\/institutofreedom.com.br\/blog\/wp-json\/wp\/v2\/tags?post=638"}],"curies":[{"name":"wp","href":"https:\/\/api.w.org\/{rel}","templated":true}]}}