{"id":736,"date":"2017-06-21T03:37:50","date_gmt":"2017-06-21T03:37:50","guid":{"rendered":"https:\/\/institutofreedom.com.br\/blog\/?p=736"},"modified":"2023-04-13T14:30:52","modified_gmt":"2023-04-13T14:30:52","slug":"arteterapia-como-forma-de-linguagem","status":"publish","type":"post","link":"https:\/\/institutofreedom.com.br\/blog\/arteterapia-como-forma-de-linguagem\/","title":{"rendered":"ARTETERAPIA COMO FORMA DE LINGUAGEM"},"content":{"rendered":"<p>Sabemos que a Arteterapia \u00e9 ent\u00e3o uma das mais importantes ferramentas do processo psicoterap\u00eautico que estimula a express\u00e3o do paciente e tamb\u00e9m o desenvolvimento de sua criatividade.<\/p>\n<p>A pr\u00e1tica da Arteterapia favorece o ser humano de maneira consider\u00e1vel. Este processo como ferramenta de psicoterapia pode auxiliar o paciente na libera\u00e7\u00e3o de emo\u00e7\u00f5es, na elabora\u00e7\u00e3o de conflitos internos e na descoberta de imagens perturbadoras que se encontram no inconsciente.<\/p>\n<p>A partir dessa id\u00e9ia inicial de ferramenta terap\u00eautica, quero propor aqui a no\u00e7\u00e3o de que a Arteterapia auxilia o paciente na express\u00e3o de sua linguagem.<\/p>\n<p>A linguagem consiste num instrumento que nos permite pensar e comunicar o pensamento, ela estabelece di\u00e1logos com o nosso semelhante, no caso, com a figura do terapeuta. A linguagem em si nos permite dar sentido a toda realidade que nos cerca.<\/p>\n<p>Segundo Aranha e Martins (2009), o desenho \u00e9 uma das mais importantes linguagens da arte, afinal, todos n\u00f3s j\u00e1 fizemos um desenho na vida. Precisamos, na realidade, de muito pouco para desenhar. Por exemplo: desenhamos na areia, num vidro de carro empoeirado, no vapor condensado no espelho de um banheiro e num simples peda\u00e7o de papel.<\/p>\n<p>Segundo Carl Gustav Jung (1875-1961), o inconsciente se manifesta atrav\u00e9s de desenhos, pinturas, m\u00fasicas e arte em geral.<\/p>\n<p>Nise da Silveira, analista Junguiana brasileira criou o museu do inconsciente, que cont\u00e9m quadros de pacientes psiqui\u00e1tricos. Este bel\u00edssimo trabalho proporcionou o surgimento de artistas que logo foram reconhecidos no mundo das artes. Atrav\u00e9s dessa maravilhosa iniciativa, o seu acervo n\u00e3o para de crescer e se aperfei\u00e7oar.<\/p>\n<p>A manifesta\u00e7\u00e3o da linguagem art\u00edstica na forma de linguagem nos aponta vantagens, uma delas consiste na express\u00e3o da comunica\u00e7\u00e3o das emo\u00e7\u00f5es, pois tal pr\u00e1tica n\u00e3o segue pelo caminho da raz\u00e3o e nem acompanha o discurso verbal.<\/p>\n<p>Atrav\u00e9s desse processo os conte\u00fados presentes no inconsciente s\u00e3o emergidos para o campo da consci\u00eancia. Al\u00e9m disso, a manifesta\u00e7\u00e3o art\u00edstica facilita o contato do ser humano com seus conflitos atrav\u00e9s da criatividade. A maneira como esse processo ocorre encontra as mais variadas explica\u00e7\u00f5es. A atividade criadora se torna um instrumento psicoterap\u00eautico e a manifesta\u00e7\u00e3o da psique atrav\u00e9s das artes se configura como um caminho de transforma\u00e7\u00e3o individual.<\/p>\n<p>Por esta raz\u00e3o, podemos concluir que a Arteterapia tamb\u00e9m \u00e9 uma ferramenta fundamental que auxilia o indiv\u00edduo no processo de individua\u00e7\u00e3o.<\/p>\n<p>Carl Gustav Jung nos deixou um importante apontamento contribuindo para a uni\u00e3o da psicologia com a arte:<\/p>\n<p><em>\u201cApesar de sua incomensurabilidade existe uma estreita conex\u00e3o entre esses dois campos que pede uma an\u00e1lise direta. Essa rela\u00e7\u00e3o baseia-se no fato de a arte, em sua manifesta\u00e7\u00e3o, ser uma atividade psicol\u00f3gica e, como tal, pode e deve ser submetida a considera\u00e7\u00f5es de cunho psicol\u00f3gico; pois, sob este aspecto, ela, como toda atividade humana oriunda de causas psicol\u00f3gicas, \u00e9 objeto da psicologia\u201d (Jung, 1971, p.54).<\/em><\/p>\n<p>A arteterapia \u00e9 um importante instrumento que nos auxilia de forma consider\u00e1vel na busca pelo conhecimento de si mesmo. N\u00e3o \u00e9 necess\u00e1rio ser artista nato, famoso ou conhecer as mais variadas t\u00e9cnicas das artes para fazer arteterapia, basta ter motiva\u00e7\u00e3o para o autoconhecimento.<\/p>\n<p><strong>CONHE\u00c7A O CURSO DE P\u00d3S GRADUA\u00c7\u00c3O EM ARTETERAPIA DO INSTITUTO FREEDOM:<\/strong><\/p>\n<p>Quer saber mais sobre o nosso curso de p\u00f3s gradua\u00e7\u00e3o em arteterapia? Saiba mais informa\u00e7\u00f5es no link abaixo:<\/p>\n<p>&nbsp;<\/p>\n<p><a href=\"https:\/\/www.posgraduacaoarteterapia.com.br\/\" target=\"_blank\" rel=\"noopener\"><img loading=\"lazy\" decoding=\"async\" class=\"aligncenter wp-image-1523\" src=\"https:\/\/www.institutofreedom.com.br\/blog\/wp-content\/uploads\/2017\/06\/WhatsApp-Image-2023-03-16-at-16.47.52-1-300x169.jpeg\" alt=\"\" width=\"600\" height=\"338\" \/><\/a><\/p>\n<p>REFER\u00caNCIAS<\/p>\n<p>ARANHA, Maria L\u00facia de Arruda, MARTINS, Maria Helena Pires. Filosofando: Introdu\u00e7\u00e3o \u00e0 Filosofia. S\u00e3o Paulo: Moderna, 2009<\/p>\n<p>Jung, C. G. (1971). O esp\u00edrito na arte e na ci\u00eancia. (3\u00aa ed.) Petr\u00f3polis: Vozes.<\/p>\n","protected":false},"excerpt":{"rendered":"<p>Sabemos que a Arteterapia \u00e9 ent\u00e3o uma das mais importantes ferramentas do processo psicoterap\u00eautico que estimula a express\u00e3o do paciente e tamb\u00e9m o desenvolvimento de sua criatividade. A pr\u00e1tica da&hellip;<\/p>\n","protected":false},"author":1,"featured_media":737,"comment_status":"open","ping_status":"closed","sticky":false,"template":"","format":"standard","meta":{"footnotes":""},"categories":[195],"tags":[196,43,17,216,70,217,45,164],"class_list":["post-736","post","type-post","status-publish","format-standard","has-post-thumbnail","hentry","category-arteterapia","tag-arteterapia","tag-carl-gustav-jung","tag-carl-jung","tag-filosofando-introducao-a-filosofia","tag-nise-da-silveira","tag-o-espirito-na-arte-e-na-ciencia","tag-psicologia-analitica","tag-psicologia-junguiana"],"_links":{"self":[{"href":"https:\/\/institutofreedom.com.br\/blog\/wp-json\/wp\/v2\/posts\/736","targetHints":{"allow":["GET"]}}],"collection":[{"href":"https:\/\/institutofreedom.com.br\/blog\/wp-json\/wp\/v2\/posts"}],"about":[{"href":"https:\/\/institutofreedom.com.br\/blog\/wp-json\/wp\/v2\/types\/post"}],"author":[{"embeddable":true,"href":"https:\/\/institutofreedom.com.br\/blog\/wp-json\/wp\/v2\/users\/1"}],"replies":[{"embeddable":true,"href":"https:\/\/institutofreedom.com.br\/blog\/wp-json\/wp\/v2\/comments?post=736"}],"version-history":[{"count":6,"href":"https:\/\/institutofreedom.com.br\/blog\/wp-json\/wp\/v2\/posts\/736\/revisions"}],"predecessor-version":[{"id":1524,"href":"https:\/\/institutofreedom.com.br\/blog\/wp-json\/wp\/v2\/posts\/736\/revisions\/1524"}],"wp:featuredmedia":[{"embeddable":true,"href":"https:\/\/institutofreedom.com.br\/blog\/wp-json\/wp\/v2\/media\/737"}],"wp:attachment":[{"href":"https:\/\/institutofreedom.com.br\/blog\/wp-json\/wp\/v2\/media?parent=736"}],"wp:term":[{"taxonomy":"category","embeddable":true,"href":"https:\/\/institutofreedom.com.br\/blog\/wp-json\/wp\/v2\/categories?post=736"},{"taxonomy":"post_tag","embeddable":true,"href":"https:\/\/institutofreedom.com.br\/blog\/wp-json\/wp\/v2\/tags?post=736"}],"curies":[{"name":"wp","href":"https:\/\/api.w.org\/{rel}","templated":true}]}}